{"id":2743,"date":"2025-10-08T21:29:55","date_gmt":"2025-10-09T03:29:55","guid":{"rendered":"https:\/\/www.cherrybyele.com\/?p=2743"},"modified":"2025-10-09T21:14:00","modified_gmt":"2025-10-10T03:14:00","slug":"the-problem-with-my-truth-your-truth-language","status":"publish","type":"post","link":"https:\/\/www.cherrybyele.com\/es\/the-problem-with-my-truth-your-truth-language\/","title":{"rendered":"El problema con el lenguaje \"mi verdad\" \/ \"tu verdad\""},"content":{"rendered":"<h2 class=\"wp-block-heading\">\u00bfQu\u00e9 es la Verdad?<\/h2>\n\n\n\n<p><span style=\"white-space: normal; caret-color: rgb(0, 0, 0); color: rgb(0, 0, 0); font-size: medium;\">Han pasado varios a\u00f1os desde que la gente empez\u00f3 com\u00fanmente a utilizar t\u00e9rminos como&nbsp;<\/span><em data-start=\"333\" data-end=\"345\" style=\"white-space: normal; caret-color: rgb(0, 0, 0); color: rgb(0, 0, 0);\">\"mi verdad\"<\/em><span style=\"white-space: normal; caret-color: rgb(0, 0, 0); color: rgb(0, 0, 0); font-size: medium;\">&nbsp;o&nbsp;<\/span><em data-start=\"349\" data-end=\"364\" style=\"white-space: normal; caret-color: rgb(0, 0, 0); color: rgb(0, 0, 0);\">\"tu verdad\".<\/em><span style=\"white-space: normal; caret-color: rgb(0, 0, 0); color: rgb(0, 0, 0); font-size: medium;\">&nbsp;Por ejemplo:&nbsp;<\/span><em data-start=\"378\" data-end=\"422\" style=\"white-space: normal; caret-color: rgb(0, 0, 0); color: rgb(0, 0, 0);\">\"D\u00e9jala ser, esta viviendo su verdad.\"<\/em><\/p>\n\n\n\n<p>Cada vez que oigo algo como esto, me hierve la sangre\u2014porque no hay tal cosa como un&nbsp;<em>la verdad<\/em>&nbsp;subjetiva. Esta expresi\u00f3n es un legado del&nbsp;<em>relativismo<\/em>&nbsp;que domina nuestra cultura actual.<\/p>\n\n\n\n<p>Parece que cualquiera puede ofrecer una opini\u00f3n y lo ser aceptada como si se tratara de una verdad v\u00e1lida. Pero entonces \u00bfd\u00f3nde est\u00e1 la verdad?<\/p>\n\n\n\n<p>Todo el mundo tiene derecho a su opini\u00f3n, y&nbsp;<em>\"tu opini\u00f3n\"<\/em>&nbsp;o&nbsp;<em>\"mi opini\u00f3n\"<\/em>&nbsp;son s\u00f3lo eso: opiniones. Son subjetivas. Cada uno de nosotros tiene experiencias y preferencias que son \u00fanicas, reales y significativas\u2014y eso est\u00e1 bien. Pero, como he dicho, todo esto es subjetivo y var\u00eda de persona a persona.<\/p>\n\n\n\n<p>La verdad, por otro lado, es&nbsp;<em>objetiva<\/em>&nbsp;e inmutable. Nuestras opiniones acerca de la verdad son irrelevantes. Si nos sentimos de manera positiva o negativa sobre ella, la verdad no se doblega a nuestras emociones o perspectivas. No se contradice a s\u00ed misma, y no cambia basada en las creencias personales.<\/p>\n\n\n\n<p>Por ejemplo: 2 + 2 = 4. Puede ser que nos guste o no el n\u00famero&nbsp;<em>4<\/em>pero&nbsp;<em>4<\/em>&nbsp;nunca va a cambiar.<\/p>\n\n\n\n<p>No s\u00f3lo es la verdad inmutable, sino que tambi\u00e9n se puede comprobar en repetidas ocasiones.<\/p>\n\n\n\n<p>De acuerdo a la&nbsp;<strong>El Diccionario Merriam-Webster<\/strong>la definici\u00f3n de&nbsp;<strong><a href=\"http:\/\/merriam-webster.com\/dictionary\/opinion\" title=\"\">opini\u00f3n<\/a><\/strong>&nbsp;es:<\/p>\n\n\n\n<blockquote class=\"wp-block-quote is-layout-flow wp-block-quote-is-layout-flow\">\n<p class=\"has-base-font-size\"><strong>&nbsp;<\/strong>\"una vision, juicio o valoraci\u00f3n formado en la mente acerca de un asunto en particular\"<\/p>\n<\/blockquote>\n\n\n\n<p>Y la definici\u00f3n de&nbsp;<a href=\"http:\/\/merriam-webster.com\/dictionary\/truth\" target=\"_blank\" rel=\"noopener\" title=\"\"><strong>la verdad<\/strong>&nbsp;<\/a>es:<\/p>\n\n\n\n<blockquote class=\"wp-block-quote is-layout-flow wp-block-quote-is-layout-flow\">\n<p class=\"has-base-font-size\"><strong>&nbsp;<\/strong>\"el cuerpo de las cosas reales, eventos y hechos\"<\/p>\n<\/blockquote>\n\n\n\n<p>Las opiniones pueden ser correctas o incorrectas, y la manera de determinar esto es mediante la evaluaci\u00f3n de cuan alineadas estan con la verdad. Ciertamente, la b\u00fasqueda de la verdad hoy en d\u00eda no siempre es f\u00e1cil, pero eso no significa que debemos dejar de buscar. Por el contrario, hace que la b\u00fasqueda sea a\u00fan m\u00e1s importante.<\/p>\n\n\n\n<h2 class=\"wp-block-heading\">Pero, \u00bfpor qu\u00e9 insisto en que se trata de una expresi\u00f3n peligrosa?<\/h2>\n\n\n\n<p>Porque defender la verdad puede llegar a costarnos la vida. Tomemos a Charlie Kirk, por ejemplo. Y \u00e9l no es el \u00fanico\u2014la historia est\u00e1 llena de personas que han sido asesinados por defender la verdad y hacer lo correcto.<\/p>\n\n\n\n<p>Charlie vivi\u00f3 una vida plena, defendiendo apasionadamente la vida, la familia, la fe, la naci\u00f3n\u2014y, por encima de todo, la Verdad. \u00c9l hizo esto de una manera respetuosa, dialogando y debatiendo con quienes sostienen puntos de vista diferentes.<\/p>\n\n\n\n<p>Charlie nunca le mentir\u00eda a alguien solo para hacer que se sienta mejor. \u00c9l habl\u00f3 de manera honesta y directa sobre cada tema\u2014no desde un lugar de sesgo personal, sino a partir de una base arraigada en la verdad objetiva. Estos no eran simplemente&nbsp;<em>La verdad de Charlie<\/em>; eran sus opiniones, basadas firmemente en la verdad objetiva.<\/p>\n\n\n\n<figure class=\"wp-block-image size-full\"><img loading=\"lazy\" decoding=\"async\" width=\"1024\" height=\"683\" src=\"https:\/\/www.cherrybyele.com\/wp-content\/uploads\/2025\/10\/171bd58c-80d9-4978-ba8c-20e010415e7a.jpg\" alt=\"Charlie kirk speaking\" class=\"wp-image-2750\" srcset=\"https:\/\/www.cherrybyele.com\/wp-content\/uploads\/2025\/10\/171bd58c-80d9-4978-ba8c-20e010415e7a.jpg 1024w, https:\/\/www.cherrybyele.com\/wp-content\/uploads\/2025\/10\/171bd58c-80d9-4978-ba8c-20e010415e7a-300x200.jpg 300w, https:\/\/www.cherrybyele.com\/wp-content\/uploads\/2025\/10\/171bd58c-80d9-4978-ba8c-20e010415e7a-768x512.jpg 768w, https:\/\/www.cherrybyele.com\/wp-content\/uploads\/2025\/10\/171bd58c-80d9-4978-ba8c-20e010415e7a-18x12.jpg 18w\" sizes=\"auto, (max-width: 1024px) 100vw, 1024px\" \/><figcaption class=\"wp-element-caption\">Foto por Abrir el Verso<\/figcaption><\/figure>\n\n\n\n<p>Muchas de las personas que no estaban de acuerdo con \u00e9l, son de las que a menudo eligen vivir de acuerdo a lo que llaman&nbsp;<em>\"su verdad\".<\/em>&nbsp;Pero esta&nbsp;<em>verdad subjetiva<\/em>&nbsp;a menudo no es m\u00e1s que la opini\u00f3n basada en mentiras, verdades a medias, o pensamiento delirante enraizado en una falta de sentido com\u00fan.<\/p>\n\n\n\n<p>Por supuesto, no todo el mundo era as\u00ed. Algunas personas se acercaban a Charlie con un sincero deseo de entender o participar en un di\u00e1logo significativo. Algunos eran respetuosos, incluso cuando no estaban de acuerdo con \u00e9l.<\/p>\n\n\n\n<p>Pero aquellos que lo odiaban\u2014y en \u00faltima instancia trataron de matarlo\u2014no estaban entre los respetuosos o de mente abierta. Se sent\u00edan amenazados por la existencia de alguien que hablaba claramente con la verdad.<\/p>\n\n\n\n<p>Hoy en d\u00eda, hablar de lo obvio, de los hechos con l\u00f3gica y  con sentido com\u00fan\u2014sobre todo los que est\u00e1n alineados con la ley natural\u2014es a menudo etiquetado como&nbsp;<em>\"discurso de odio\".<\/em>&nbsp;Si no est\u00e1s de acuerdo con \"la verdad\" de alguien, que a menudo es s\u00f3lo se trata de una ilusion  personal, y no lo afirmas como  si fuera algo real, nos llaman&nbsp;<em>\"fascistas.\"<\/em><\/p>\n\n\n\n<p>Por qu\u00e9? Debido a que muchas de estas personas est\u00e1n tan profundamente adoctrinados, que no pueden participar en un debate razonado. Sus creencias no est\u00e1n arraigados en la verdad, la realidad, o la ley natural. Y cuando alguien no puede defender su posici\u00f3n con la l\u00f3gica o los hechos, el silenciamiento del otro lado se convierte en la opci\u00f3n m\u00e1s f\u00e1cil.<\/p>\n\n\n\n<p>Charlie nunca quiso obligar a nadie a vivir bajo las reglas de la verdad objetiva o de sentido com\u00fan. Su objetivo era compartir los valores, fomentar el di\u00e1logo, y desafiar a los j\u00f3venes a pensar libremente.&nbsp;<strong>Esto es lo que hac\u00eda a Charlie peligroso.<\/strong><\/p>\n\n\n\n<p>Para aquellos que viven en la mentira, la exposici\u00f3n p\u00fablica de la verdad es dolorosa, especialmente cuando alguien con calma les recuerda que, no importa c\u00f3mo se sienten,&nbsp;<strong>2 + 2 sigue siendo igual a 4\u2014no 3.<\/strong><\/p>\n\n\n\n<h2 class=\"wp-block-heading\">Ejemplos a lo largo de la historia<\/h2>\n\n\n\n<p>Podemos nombrar <a href=\"https:\/\/teachinghistory.org\/history-content\/ask-a-historian\/24242\" target=\"_blank\" rel=\"noopener\" title=\"\">Lincoln,<\/a> que fue asesinado porque quer\u00eda liberar a los esclavos, o <a href=\"https:\/\/www.historyskills.com\/classroom\/modern-history\/martin-luther-king-assassination\/\" target=\"_blank\" rel=\"noopener\" title=\"\">Martin Luther King, Jr.<\/a>, que fue asesinado debido a su importancia en el movimiento de Derechos Civiles. Ambos movimientos est\u00e1n arraigados en la verdad y la justicia.<\/p>\n\n\n\n<p>San Juan el Bautista fue decapitado porque se enfrent\u00f3 a Herodes acerca de cometer adulterio. Herodes no le importaba, y, por supuesto, fue un esc\u00e1ndalo p\u00fablico. Nadie dijo nada al respecto\u2014hasta que Juan el Bautista hizo. \u00bfQu\u00e9 hizo Herodes al respecto? \u00c9l mat\u00f3 a Juan el Bautista.  <a href=\"https:\/\/www.biblegateway.com\/passage\/?search=Mark%206&amp;version=DRA\" target=\"_blank\" rel=\"noopener\" title=\"\">(Marcos 6, 17-18)<\/a><\/p>\n\n\n\n<p>El m\u00e1s importante y famoso ejemplo de todos ellos es el Mismo Jes\u00fas. He sido Cat\u00f3lica toda mi vida y he tratado de entender la magnitud del sacrificio que Jes\u00fas hizo por nosotros\u2014estudiando la S\u00e1bana santa de Tur\u00edn y tratando de imaginar la profundidad de Sus heridas y el castigo.<\/p>\n\n\n\n<p>A pesar de mis mejores esfuerzos, creo que a\u00fan no logro comprender la inmensidad de Su dolor y  sacrificio que realiz\u00f3. S\u00e9 que Charlie Kirk era un ser humano excepcional, de modo que no pretendo compararlo con Jes\u00fas. Sin embargo, su asesinato me ayud\u00f3 un poquito a empezar a comprenderlo.<\/p>\n\n\n\n<p>Los Fariseos eran muy versados en la Ley, en la Escritura y en los Profetas. Jes\u00fas cumpli\u00f3 cada uno de las profec\u00edas con respecto a <a href=\"https:\/\/www.clintbyars.com\/blog\/2020\/7\/20\/jesus-fulfilled-over-300-prophecies\" target=\"_blank\" rel=\"noopener\" title=\"\">El mes\u00edas<\/a>y ellos lo sab\u00edan\u2014, pero no les import\u00f3.<\/p>\n\n\n\n<p>No les gustaba que Jes\u00fas tuviera miles de seguidores o el mensaje que \u00c9l predicaba. Tampoco  les gustaba que \u00c9l no fuera un guerrero-pol\u00edtico como el Rey David. Cuando los Fariseos se acercaron a \u00c9l y le hacian preguntas \"inteligentes\" para ponerlo en evidencia, \u00c9l siempre era mas astuto que ellos.<\/p>\n\n\n\n<p>Jes\u00fas fue muy claro cuando dijo:<br><strong>\"Yo soy el camino, la verdad y la vida. Ning\u00fan hombre viene al Padre, sino es por m\u00ed.\"<\/strong>&nbsp;(<a href=\"https:\/\/www.biblegateway.com\/passage\/?search=John%2014%3A6&amp;version=DRA\" target=\"_blank\" rel=\"noopener\" title=\"\">Juan 14:6<\/a>)<\/p>\n\n\n\n<p>Como resultado de esto, Jes\u00fas fue acusado injustamente y asesinado por los Fariseos que estaban celosos de \u00c9l. Como Dios, Jes\u00fas podr\u00eda haber hecho lo que \u00c9l quisiera en esa situaci\u00f3n\u2014, pero eligi\u00f3 sacrificarse a s\u00ed Mismo para la salvaci\u00f3n de la humanidad y convertir tan terrible suceso en algo tan glorioso.<\/p>\n\n\n\n<p>Despu\u00e9s de ver el impacto de la muerte de Charlie en la sociedad, apenas puedo imaginar la conmoci\u00f3n que la muerte de Jes\u00fas debi\u00f3 haber causado en aquel entonces\u2014la pena de las personas que literalmente caminaron con \u00c9l, el dolor y el sentimiento de p\u00e9rdida que debieron  haber sentido.<\/p>\n\n\n\n<p>Pero Jes\u00fas resucit\u00f3, y triunf\u00f3 sobre la muerte, y el cielo se abri\u00f3 para todos\u2014una maravillosa victoria. Su muerte y resurrecci\u00f3n impactaron el mundo de una manera tan profunda que el Cristianismo y Su Iglesia siguen en pie 2.000 a\u00f1os m\u00e1s tarde, tal como \u00c9l dijo: \"Las puertas del infierno no prevalecer\u00e1n contra ella.<\/p>\n\n\n\n<p>Asimismo, la muerte de Charlie har\u00e1 que su misi\u00f3n crezca y  se multiplique en formas que nadie podr\u00eda haber imaginado. Charlie no puede resucitar como lo hizo Jes\u00fas en este momento, pero sin duda \u00e9l muri\u00f3 como un m\u00e1rtir, haciendo la obra de Dios.<\/p>\n\n\n\n<p>Otro ejemplo es <a href=\"https:\/\/literaryloudmouth.wordpress.com\/2014\/02\/22\/the-spread-of-christianity-after-stephen\/\" target=\"_blank\" rel=\"noopener\" title=\"\">San Esteban<\/a>que fue apedreado hasta la muerte, porque \u00e9l difund\u00eda el evangelio. (<a href=\"https:\/\/www.biblegateway.com\/passage\/?search=Acts%207&amp;version=DRA\" target=\"_blank\" rel=\"noopener\" title=\"\">Hechos 7)<\/a>Su mensaje molest\u00f3 a muchas personas, tanto que sentieron que lo \"mejor\" era silenciarlo. Sin embargo, despu\u00e9s de su muerte, el Cristianismo se expandi\u00f3 a\u00fan m\u00e1s.<\/p>\n\n\n\n<p><strong>Nota:<\/strong>&nbsp;Jes\u00fas es un personaje hist\u00f3rico que vivi\u00f3, muri\u00f3 y resucit\u00f3\u2014de acuerdo no solo con los Evangelios, sino tambi\u00e9n con historiadores y miles de testigos. Como ya he dicho, la verdad puede y debe ser verificada repetidamente. Hay muchos libros sobre este tema, tales como&nbsp;<em>El Caso de Cristo<\/em>&nbsp;y&nbsp;<em>Cold-Case Christianity<\/em>, entre otros.<\/p>\n\n\n\n<h2 class=\"wp-block-heading\">Conclusi\u00f3n:<\/h2>\n\n\n\n<p>Tenemos que dejar de validar a aquellos que exigen que sus delirios sean socialmente aceptables. Tenemos que alzar la voz cuando la libertad de expresi\u00f3n es silenciada y nunca avergonzarnos de hablar en defensa del sentido com\u00fan.<\/p>\n\n\n\n<p>Como individuos, debemos siempre esforzarnos por ser objetivos. Eso significa que busquemos informaci\u00f3n a partir de una variedad de fuentes, haciendo nuestro mejor esfuerzo para minimizar el sesgo y formarnos opiniones basadas en la verdad, y no en lo que es tendencia.<\/p>\n\n\n\n<p>Una r\u00e1pida nota:  no debemos confiar al 100% en la inteligencia artificial, ya que  puede ser modificada o influida para reflejar ciertas tendencias o agendas, as\u00ed que debemos utilizarla con prudencia y discernimiento.<\/p>\n\n\n\n<p>Quien fuera que sea quien asesin\u00f3 a Charlie\u2014ya s\u00e9 que se trate de un individuo solitario o un grupo como Antifa\u2014no nos pueden matar a todos. Nunca debemos tener miedo de defender los valores arraigados en la verdad, la raz\u00f3n, la ley natural y hechos verificables.<\/p>\n\n\n\n<p>Debemos dejar de llamar tonter\u00edas&nbsp;<em>\"mi verdad\"<\/em>&nbsp;o&nbsp;<em>\"tu verdad\"<\/em>&nbsp;o&nbsp;<em>\"su verdad\".<\/em>&nbsp;Hay&nbsp;<strong>una<\/strong>&nbsp;Verdad, y eso no cambia. Tenemos que asegurarnos de que la muerte de Charlie no sea en vano.<\/p>","protected":false},"excerpt":{"rendered":"<p>What is the Truth? It\u2019s been several years now since people started commonly using the terms&nbsp;\u201cmy truth\u201d&nbsp;or&nbsp;\u201cyour truth.\u201d&nbsp;For example:&nbsp;\u201cLet her be, she\u2019s just living her truth.\u201d Every time I hear something like this, my blood boils\u2014because there is no such thing as a&nbsp;subjective&nbsp;truth. This expression is a legacy of the&nbsp;relativism&nbsp;that dominates our current culture. It [&hellip;]<\/p>\n","protected":false},"author":1,"featured_media":1183,"comment_status":"closed","ping_status":"closed","sticky":false,"template":"","format":"standard","meta":{"footnotes":""},"categories":[18],"tags":[214,215,213,216],"class_list":["post-2743","post","type-post","status-publish","format-standard","has-post-thumbnail","hentry","category-unpopular-opinions","tag-charlie-kirk","tag-my-truth","tag-truth","tag-your-truth"],"aioseo_notices":[],"_links":{"self":[{"href":"https:\/\/www.cherrybyele.com\/es\/wp-json\/wp\/v2\/posts\/2743","targetHints":{"allow":["GET"]}}],"collection":[{"href":"https:\/\/www.cherrybyele.com\/es\/wp-json\/wp\/v2\/posts"}],"about":[{"href":"https:\/\/www.cherrybyele.com\/es\/wp-json\/wp\/v2\/types\/post"}],"author":[{"embeddable":true,"href":"https:\/\/www.cherrybyele.com\/es\/wp-json\/wp\/v2\/users\/1"}],"replies":[{"embeddable":true,"href":"https:\/\/www.cherrybyele.com\/es\/wp-json\/wp\/v2\/comments?post=2743"}],"version-history":[{"count":10,"href":"https:\/\/www.cherrybyele.com\/es\/wp-json\/wp\/v2\/posts\/2743\/revisions"}],"predecessor-version":[{"id":2762,"href":"https:\/\/www.cherrybyele.com\/es\/wp-json\/wp\/v2\/posts\/2743\/revisions\/2762"}],"wp:featuredmedia":[{"embeddable":true,"href":"https:\/\/www.cherrybyele.com\/es\/wp-json\/wp\/v2\/media\/1183"}],"wp:attachment":[{"href":"https:\/\/www.cherrybyele.com\/es\/wp-json\/wp\/v2\/media?parent=2743"}],"wp:term":[{"taxonomy":"category","embeddable":true,"href":"https:\/\/www.cherrybyele.com\/es\/wp-json\/wp\/v2\/categories?post=2743"},{"taxonomy":"post_tag","embeddable":true,"href":"https:\/\/www.cherrybyele.com\/es\/wp-json\/wp\/v2\/tags?post=2743"}],"curies":[{"name":"wp","href":"https:\/\/api.w.org\/{rel}","templated":true}]}}