{"id":745,"date":"2024-01-29T13:43:33","date_gmt":"2024-01-29T19:43:33","guid":{"rendered":"https:\/\/www.cherrybyele.com\/good-things-trump-did-as-president\/"},"modified":"2025-01-25T22:36:15","modified_gmt":"2025-01-26T04:36:15","slug":"good-things-trump-did-as-president","status":"publish","type":"post","link":"https:\/\/www.cherrybyele.com\/es\/good-things-trump-did-as-president\/","title":{"rendered":"11 Cosas Buenas que Donald Trump hizo como Presidente."},"content":{"rendered":"<h2 class=\"wp-block-heading\">Donald Trump fue un buen o mal Presidente?<\/h2>\n\n\n\n<p>Donald Trump ha sido ampliamente criticado por mil razones. Los medios de comunicaci\u00f3n se ha esforzado en hacer que a muchas personas no les caiga bien. Sin embargo, fue realmente un mal presidente?<\/p>\n\n\n\n<p> Echemos un vistazo a las cosas que \u00e9l hizo durante su mandato. Esto no deber\u00eda ser un concurso de popularidad, el destino de una naci\u00f3n y de sus habitantes, as\u00ed como la de otras naciones, est\u00e1 en riesgo. <\/p>\n\n\n\n<p>La Biblia dice \" 16 por sus frutos u obras los conocer\u00e1n.\" <a href=\"https:\/\/www.biblegateway.com\/passage\/?search=Mt+7%3A+16&amp;version=DRA\" target=\"_blank\" rel=\"noopener\" title=\"\">Mt 7: 16<\/a>. Debemos ser cuidadosos acerca de juzgar a los dem\u00e1s, pero sus acciones nos ayudan a separar lo bueno de lo malo.<\/p>\n\n\n\n<blockquote class=\"instagram-media\" data-instgrm-captioned data-instgrm-permalink=\"https:\/\/www.instagram.com\/p\/B0USKeEhJ3M\/?utm_source=ig_embed&amp;utm_campaign=loading\" data-instgrm-version=\"14\" style=\" background:#FFF; border:0; border-radius:3px; box-shadow:0 0 1px 0 rgba(0,0,0,0.5),0 1px 10px 0 rgba(0,0,0,0.15); margin: 1px; max-width:540px; min-width:326px; padding:0; width:99.375%; width:-webkit-calc(100% - 2px); width:calc(100% - 2px);\"><div style=\"padding:16px;\"> <a href=\"https:\/\/www.instagram.com\/p\/B0USKeEhJ3M\/?utm_source=ig_embed&amp;utm_campaign=loading\" style=\" background:#FFFFFF; line-height:0; padding:0 0; text-align:center; text-decoration:none; width:100%;\" target=\"_blank\" rel=\"noopener\"> <div style=\" display: flex; flex-direction: row; align-items: center;\"> <div style=\"background-color: #F4F4F4; border-radius: 50%; flex-grow: 0; height: 40px; margin-right: 14px; width: 40px;\"><\/div> <div style=\"display: flex; flex-direction: column; flex-grow: 1; justify-content: center;\"> <div style=\" background-color: #F4F4F4; border-radius: 4px; flex-grow: 0; height: 14px; margin-bottom: 6px; width: 100px;\"><\/div> <div style=\" background-color: #F4F4F4; border-radius: 4px; flex-grow: 0; height: 14px; width: 60px;\"><\/div><\/div><\/div><div style=\"padding: 19% 0;\"><\/div> <div style=\"display:block; height:50px; margin:0 auto 12px; width:50px;\"><svg width=\"50px\" height=\"50px\" viewbox=\"0 0 60 60\" version=\"1.1\" xmlns=\"https:\/\/www.w3.org\/2000\/svg\" xmlns:xlink=\"https:\/\/www.w3.org\/1999\/xlink\"><g stroke=\"none\" stroke-width=\"1\" fill=\"none\" fill-rule=\"evenodd\"><g transform=\"translate(-511.000000, -20.000000)\" fill=\"#000000\"><g><path d=\"M556.869,30.41 C554.814,30.41 553.148,32.076 553.148,34.131 C553.148,36.186 554.814,37.852 556.869,37.852 C558.924,37.852 560.59,36.186 560.59,34.131 C560.59,32.076 558.924,30.41 556.869,30.41 M541,60.657 C535.114,60.657 530.342,55.887 530.342,50 C530.342,44.114 535.114,39.342 541,39.342 C546.887,39.342 551.658,44.114 551.658,50 C551.658,55.887 546.887,60.657 541,60.657 M541,33.886 C532.1,33.886 524.886,41.1 524.886,50 C524.886,58.899 532.1,66.113 541,66.113 C549.9,66.113 557.115,58.899 557.115,50 C557.115,41.1 549.9,33.886 541,33.886 M565.378,62.101 C565.244,65.022 564.756,66.606 564.346,67.663 C563.803,69.06 563.154,70.057 562.106,71.106 C561.058,72.155 560.06,72.803 558.662,73.347 C557.607,73.757 556.021,74.244 553.102,74.378 C549.944,74.521 548.997,74.552 541,74.552 C533.003,74.552 532.056,74.521 528.898,74.378 C525.979,74.244 524.393,73.757 523.338,73.347 C521.94,72.803 520.942,72.155 519.894,71.106 C518.846,70.057 518.197,69.06 517.654,67.663 C517.244,66.606 516.755,65.022 516.623,62.101 C516.479,58.943 516.448,57.996 516.448,50 C516.448,42.003 516.479,41.056 516.623,37.899 C516.755,34.978 517.244,33.391 517.654,32.338 C518.197,30.938 518.846,29.942 519.894,28.894 C520.942,27.846 521.94,27.196 523.338,26.654 C524.393,26.244 525.979,25.756 528.898,25.623 C532.057,25.479 533.004,25.448 541,25.448 C548.997,25.448 549.943,25.479 553.102,25.623 C556.021,25.756 557.607,26.244 558.662,26.654 C560.06,27.196 561.058,27.846 562.106,28.894 C563.154,29.942 563.803,30.938 564.346,32.338 C564.756,33.391 565.244,34.978 565.378,37.899 C565.522,41.056 565.552,42.003 565.552,50 C565.552,57.996 565.522,58.943 565.378,62.101 M570.82,37.631 C570.674,34.438 570.167,32.258 569.425,30.349 C568.659,28.377 567.633,26.702 565.965,25.035 C564.297,23.368 562.623,22.342 560.652,21.575 C558.743,20.834 556.562,20.326 553.369,20.18 C550.169,20.033 549.148,20 541,20 C532.853,20 531.831,20.033 528.631,20.18 C525.438,20.326 523.257,20.834 521.349,21.575 C519.376,22.342 517.703,23.368 516.035,25.035 C514.368,26.702 513.342,28.377 512.574,30.349 C511.834,32.258 511.326,34.438 511.181,37.631 C511.035,40.831 511,41.851 511,50 C511,58.147 511.035,59.17 511.181,62.369 C511.326,65.562 511.834,67.743 512.574,69.651 C513.342,71.625 514.368,73.296 516.035,74.965 C517.703,76.634 519.376,77.658 521.349,78.425 C523.257,79.167 525.438,79.673 528.631,79.82 C531.831,79.965 532.853,80.001 541,80.001 C549.148,80.001 550.169,79.965 553.369,79.82 C556.562,79.673 558.743,79.167 560.652,78.425 C562.623,77.658 564.297,76.634 565.965,74.965 C567.633,73.296 568.659,71.625 569.425,69.651 C570.167,67.743 570.674,65.562 570.82,62.369 C570.966,59.17 571,58.147 571,50 C571,41.851 570.966,40.831 570.82,37.631\"><\/path><\/g><\/g><\/g><\/svg><\/div><div style=\"padding-top: 8px;\"> <div style=\" color:#3897f0; font-family:Arial,sans-serif; font-size:14px; font-style:normal; font-weight:550; line-height:18px;\">Ver este mensaje en Instagram<\/div><\/div><div style=\"padding: 12.5% 0;\"><\/div> <div style=\"display: flex; flex-direction: row; margin-bottom: 14px; align-items: center;\"><div> <div style=\"background-color: #F4F4F4; border-radius: 50%; height: 12.5px; width: 12.5px; transform: translateX(0px) translateY(7px);\"><\/div> <div style=\"background-color: #F4F4F4; height: 12.5px; transform: rotate(-45deg) translateX(3px) translateY(1px); width: 12.5px; flex-grow: 0; margin-right: 14px; margin-left: 2px;\"><\/div> <div style=\"background-color: #F4F4F4; border-radius: 50%; height: 12.5px; width: 12.5px; transform: translateX(9px) translateY(-18px);\"><\/div><\/div><div style=\"margin-left: 8px;\"> <div style=\" background-color: #F4F4F4; border-radius: 50%; flex-grow: 0; height: 20px; width: 20px;\"><\/div> <div style=\" width: 0; height: 0; border-top: 2px solid transparent; border-left: 6px solid #f4f4f4; border-bottom: 2px solid transparent; transform: translateX(16px) translateY(-4px) rotate(30deg)\"><\/div><\/div><div style=\"margin-left: auto;\"> <div style=\" width: 0px; border-top: 8px solid #F4F4F4; border-right: 8px solid transparent; transform: translateY(16px);\"><\/div> <div style=\" background-color: #F4F4F4; flex-grow: 0; height: 12px; width: 16px; transform: translateY(-4px);\"><\/div> <div style=\" width: 0; height: 0; border-top: 8px solid #F4F4F4; border-left: 8px solid transparent; transform: translateY(-4px) translateX(8px);\"><\/div><\/div><\/div> <div style=\"display: flex; flex-direction: column; flex-grow: 1; justify-content: center; margin-bottom: 24px;\"> <div style=\" background-color: #F4F4F4; border-radius: 4px; flex-grow: 0; height: 14px; margin-bottom: 6px; width: 224px;\"><\/div> <div style=\" background-color: #F4F4F4; border-radius: 4px; flex-grow: 0; height: 14px; width: 144px;\"><\/div><\/div><\/a><p style=\" color:#c9c8cd; font-family:Arial,sans-serif; font-size:14px; line-height:17px; margin-bottom:0; margin-top:8px; overflow:hidden; padding:8px 0 7px; text-align:center; text-overflow:ellipsis; white-space:nowrap;\"><a href=\"https:\/\/www.instagram.com\/p\/B0USKeEhJ3M\/?utm_source=ig_embed&amp;utm_campaign=loading\" style=\" color:#c9c8cd; font-family:Arial,sans-serif; font-size:14px; font-style:normal; font-weight:normal; line-height:17px; text-decoration:none;\" target=\"_blank\" rel=\"noopener\">Un post compartido por el Presidente Donald J. Trump (@realdonaldtrump)<\/a><\/p><\/div><\/blockquote> <script async src=\"\/\/www.instagram.com\/embed.js\"><\/script>\n\n\n<div class=\"wp-block-aioseo-table-of-contents\"><ul><li><a class=\"aioseo-toc-item\" href=\"#aioseo-1-the-economy-has-been-the-best-in-the-united-states-in-the-last-50-years-before-the-pandemic-during-the-donald-trump-administration-it-had-the-best-job-market-since-1969-with-the-lowest-unemployment-rate-we-are-talking-about-more-jobs-around-136000-in-general-and-also-for-all-ethnic-groups-as-well-as-a-higher-minimum-wage-the-unemployment-rate-fell-from-3-7-to-3-5-in-a-generalized-way-and-for-hispanics-it-fell-to-3-9-which-is-the-lowest-rate-they-have-had-for-black-americans-unemployment-dropped-to-5-4-the-lowest-rate-since-1973-not-only-that-but-also-for-women-unemployment-has-dropped-to-3-1-the-economy-has-had-an-economic-growth-of-3-on-a-consistent-basis-the-price-of-gasoline-and-fuels-remain-constant-decreased-taxes-on-corporations-from-35-to-21-allowing-a-repatriation-of-cash-from-abroad-12345-critics-said-that-this-tax-cut-only-benefits-large-companies-but-it-is-not-true-small-businesses-benefited-as-well-giving-them-a-deduction-of-20-in-addition-to-the-other-deductions-in-the-program-known-as-the-qualified-business-income-deduction-on-the-other-hand-those-businesses-that-have-an-annual-profit-of-less-than-25-million-dollars-in-the-last-3-years-can-deduct-the-interest-on-their-loans-without-limit-6\">1. Durante la administraci\u00f3n Trump, la econom\u00eda fue la  mejor en los Estados unidos  en los ultimos 50 a\u00f1os y mejor que en la actual administraci\u00f3n.<\/a><ul><\/ul><\/li><li><a class=\"aioseo-toc-item\" href=\"#aioseo-8-education-and-minorities\">2. El presidente Trump resguardo la frontera y luch\u00f3 contra la trata de ni\u00f1os.<\/a><\/li><li><a class=\"aioseo-toc-item\" href=\"#aioseo-8-education-and-minorities\">3. Protecci\u00f3n a Minor\u00edas<\/a><ul><\/ul><\/li><li><a class=\"aioseo-toc-item\" href=\"#aioseo-1-he-is-the-most-pro-life-president-the-united-states-has-ever-had\">4. \u00c9l es el presidente m\u00e1s pro-vida de los Estados Unidos ha tenido.<\/a><ul><li><a class=\"aioseo-toc-item\" href=\"#aioseo-update-on-the-2024-election\">Actualizaci\u00f3n sobre las elecciones de 2024<\/a><\/li><\/ul><\/li><li><a class=\"aioseo-toc-item\" href=\"#aioseo-9-health\">5. Mejoras a la salud durante la administraci\u00f3n Trump.<\/a><\/li><li><a class=\"aioseo-toc-item\" href=\"#aioseo-7-is-pro-israel-and-pro-jewish-president\">6. Durante la Administraci\u00f3n Trump hubo un buen manejo de las relaciones exteriores.<\/a><ul><\/ul><\/li><li><a class=\"aioseo-toc-item\" href=\"#aioseo-9-health\">7. El presidente Trump lucho contra la trata de seres Humanos<\/a><\/li><li><a class=\"aioseo-toc-item\" href=\"#aioseo-he-is-a-pro-family-president\">8. El es un presidente Pro-Familia<\/a><\/li><li><a class=\"aioseo-toc-item\" href=\"#aioseo-4-president-trump-supports-religious-freedom\">9. El presidente de Trump apoyo la libertad religiosa.<\/a><\/li><li><a class=\"aioseo-toc-item\" href=\"#aioseo-1-the-economy-has-been-the-best-in-the-united-states-in-the-last-50-years-before-the-pandemic-during-the-donald-trump-administration-it-had-the-best-job-market-since-1969-with-the-lowest-unemployment-rate-we-are-talking-about-more-jobs-around-136000-in-general-and-also-for-all-ethnic-groups-as-well-as-a-higher-minimum-wage-the-unemployment-rate-fell-from-3-7-to-3-5-in-a-generalized-way-and-for-hispanics-it-fell-to-3-9-which-is-the-lowest-rate-they-have-had-for-black-americans-unemployment-dropped-to-5-4-the-lowest-rate-since-1973-not-only-that-but-also-for-women-unemployment-has-dropped-to-3-1-the-economy-has-had-an-economic-growth-of-3-on-a-consistent-basis-the-price-of-gasoline-and-fuels-remain-constant-decreased-taxes-on-corporations-from-35-to-21-allowing-a-repatriation-of-cash-from-abroad-12345-critics-said-that-this-tax-cut-only-benefits-large-companies-but-it-is-not-true-small-businesses-benefited-as-well-giving-them-a-deduction-of-20-in-addition-to-the-other-deductions-in-the-program-known-as-the-qualified-business-income-deduction-on-the-other-hand-those-businesses-that-have-an-annual-profit-of-less-than-25-million-dollars-in-the-last-3-years-can-deduct-the-interest-on-their-loans-without-limit-6\">10. President Trump Fougth for Freedom of Expression.<\/a><\/li><li><a class=\"aioseo-toc-item\" href=\"#aioseo-fight-against-terrorism\">11. Condenado radical y en la casa de los grupos terroristas.<\/a><\/li><li><a class=\"aioseo-toc-item\" href=\"#aioseo-conclusion\">Conclusi\u00f3n:<\/a><\/li><\/ul><\/div>\n\n\n<h2 class=\"wp-block-heading\" id=\"aioseo-1-the-economy-has-been-the-best-in-the-united-states-in-the-last-50-years-before-the-pandemic-during-the-donald-trump-administration-it-had-the-best-job-market-since-1969-with-the-lowest-unemployment-rate-we-are-talking-about-more-jobs-around-136000-in-general-and-also-for-all-ethnic-groups-as-well-as-a-higher-minimum-wage-the-unemployment-rate-fell-from-3-7-to-3-5-in-a-generalized-way-and-for-hispanics-it-fell-to-3-9-which-is-the-lowest-rate-they-have-had-for-black-americans-unemployment-dropped-to-5-4-the-lowest-rate-since-1973-not-only-that-but-also-for-women-unemployment-has-dropped-to-3-1-the-economy-has-had-an-economic-growth-of-3-on-a-consistent-basis-the-price-of-gasoline-and-fuels-remain-constant-decreased-taxes-on-corporations-from-35-to-21-allowing-a-repatriation-of-cash-from-abroad-12345-critics-said-that-this-tax-cut-only-benefits-large-companies-but-it-is-not-true-small-businesses-benefited-as-well-giving-them-a-deduction-of-20-in-addition-to-the-other-deductions-in-the-program-known-as-the-qualified-business-income-deduction-on-the-other-hand-those-businesses-that-have-an-annual-profit-of-less-than-25-million-dollars-in-the-last-3-years-can-deduct-the-interest-on-their-loans-without-limit-6\">1. Durante la administraci\u00f3n Trump, la econom\u00eda fue la  mejor en los Estados unidos  en los ultimos 50 a\u00f1os y mejor que en la actual administraci\u00f3n.<\/h2>\n\n\n\n<h3 class=\"wp-block-heading\" id=\"aioseo-economy-in-general-and-benefit-for-minorities\">Buena econom\u00eda y beneficios para las minor\u00edas<\/h3>\n\n\n\n<p>Antes de la pandemia, durante la administraci\u00f3n de Donald Trump, el Pa\u00eds tuvo el mejor mercado de trabajo desde el a\u00f1o 1969, con la menor tasa de desempleo. Estamos hablando de m\u00e1s puestos de trabajo, alrededor de 136.000, incluyendo todos los grupos \u00e9tnicos, as\u00ed como un salario m\u00ednimo m\u00e1s alto. <\/p>\n\n\n\n<p>La tasa general de desempleo cay\u00f3 de 3.7% a 3.5% y para <strong>Los hispanos<\/strong>, cay\u00f3 un 3,9%, que es la tasa m\u00e1s baja en la historia de los Estados Unidos. <\/p>\n\n\n\n<p>Para <strong>los negros Americanos<\/strong>, el desempleo cay\u00f3 un 5,4%, la tasa m\u00e1s baja desde 1973. No s\u00f3lo eso, sino que para las mujeres el desempleo, ca\u00edda de 3.1%. <\/p>\n\n\n\n<p>La econom\u00eda tuvo un crecimiento econ\u00f3mico del 3% de manera consistente. El precio de la gasolina y los combustibles se mantuvo constante. (<a href=\"https:\/\/www.newsmax.com\/finance\/georgementz\/trump-economy-best-50\/2019\/06\/05\/id\/919096\/\" target=\"_blank\" rel=\"noreferrer noopener\">1<\/a>,<a href=\"https:\/\/www.cnbc.com\/2019\/10\/04\/black-and-hispanic-unemployment-is-at-a-record-low.html\" target=\"_blank\" rel=\"noreferrer noopener\">2<\/a>)<\/p>\n\n\n\n<h3 class=\"wp-block-heading\" id=\"aioseo-taxes\">Impuestos<\/h3>\n\n\n\n<p>Trump disminuyo los impuestos a las corporaciones del 35 al 21%, lo que permiti\u00f3 la repatriaci\u00f3n de dinero desde el extranjero (<a href=\"https:\/\/panampost.com\/mamela-fiallo\/2017\/12\/21\/ee-uu-recorte-de-impuestos-produce-aumento-de-sueldos-inversiones-y-donaciones\/\" target=\"_blank\" rel=\"noreferrer noopener\">3<\/a>). Los cr\u00edticos dec\u00edan que este recorte de impuestos s\u00f3lo beneficba a las grandes empresas, pero esto es falso. Las peque\u00f1as empresas se beneficiaron tambi\u00e9n, d\u00e1ndoles una deducci\u00f3n del 20%, adem\u00e1s de las dem\u00e1s deducciones en el programa conocido como Deducci\u00f3n de los Ingresos de los negocios calificados.<\/p>\n\n\n\n<p>Por otro lado, aquellas empresas que ten\u00edan una ganancia anual de menos de 25 millones de d\u00f3lares en los \u00faltimos 3 a\u00f1os, podr\u00edan deducir los intereses sobre sus pr\u00e9stamos sin l\u00edmite. (<a href=\"https:\/\/www.thebalancesmb.com\/can-small-business-benefit-from-trump-tax-cuts-4178336\" target=\"_blank\" rel=\"noreferrer noopener\">4<\/a>)&nbsp;<\/p>\n\n\n\n<h3 class=\"wp-block-heading\" id=\"aioseo-jobs\">Puestos de trabajo<\/h3>\n\n\n\n<p>En junio de 2020 Presidente de Donald Trump, firm\u00f3 una orden ejecutiva que renovar\u00e1n las pr\u00e1cticas de contrataci\u00f3n en el gobierno,  de modo que un solicitante de empleo con habilidades tendr\u00e1 prioridad sobre un t\u00edtulo universitario.<\/p>\n\n\n\n<blockquote class=\"wp-block-quote is-layout-flow wp-block-quote-is-layout-flow\">\n<p class=\"has-base-font-size\"><em>\"Esto se asegurar\u00e1 de que somos capaces de contratar sobre la base de talento y ampliar nuestro universo de candidatos calificados y garantizar unproceso de contrataci\u00f3n, mas equitativo\"&nbsp;<\/em><\/p>\n<\/blockquote>\n\n\n\n<p>Es muy dif\u00edcil y costoso acceso a la educaci\u00f3n universitaria. Las personas sin una universidad no necesariamente son incultos. Esta medida ayuda a retener a los m\u00e1s brillantes y mejores empleados. (<a href=\"https:\/\/www.usatoday.com\/story\/news\/politics\/2020\/06\/26\/trump-executive-order-stresses-skill-over-college-degree-hiring\/3263074001\/\">5<\/a>)<\/p>\n\n\n\n<h3 class=\"wp-block-heading\" id=\"aioseo-pandemic-economi-response\">La respuesta econ\u00f3mica durante la pandemia.<\/h3>\n\n\n\n<p>El virus de la pandemia afecto la econom\u00eda de la mayor\u00eda de los pa\u00edses del mundo. Los Estados unidos no fue la excepci\u00f3n. Millones de puestos de trabajo se perdieron. Donald Trump impulso la econom\u00eda con el apoyo de los ciudadanos,  los agricultores y las peque\u00f1as empresas. Recuperado 10,6 millones de puestos de trabajo en s\u00f3lo 4 meses. Una recuperacion sin precedentes. (<a href=\"https:\/\/www.breitbart.com\/politics\/2020\/03\/17\/americans-need-cash-now-donald-trump-wants-to-send-checks-to-households-immediately\/\" target=\"_blank\" rel=\"noreferrer noopener\">6<\/a>,&nbsp;<a href=\"https:\/\/thehill.com\/policy\/finance\/517006-trump-to-announce-another-14b-in-aid-to-farmers-affected-by-covid-19-report\" target=\"_blank\" rel=\"noreferrer noopener\">7<\/a>,&nbsp;<a href=\"https:\/\/www.foxbusiness.com\/politics\/trump-coronavirus-relief-small-businesses\">8<\/a>)<\/p>\n\n\n\n<h2 class=\"wp-block-heading\" id=\"aioseo-8-education-and-minorities\">2. El presidente Trump resguardo la frontera y luch\u00f3 contra la trata de ni\u00f1os.<\/h2>\n\n\n\n<p>Las politicas fronterizas de el presidente  Trump fueron eficaces en la prevenci\u00f3n de la inmigraci\u00f3n ilegal, pero el muro fue ampliamente criticado. (<a href=\"https:\/\/www.washingtonexaminer.com\/restoring-america\/patriotism-unity\/immigration-study-finds-trump-border-policies-more-effective\" target=\"_blank\" rel=\"noopener\" title=\"\">9<\/a>)<\/p>\n\n\n\n<p>However, the border wall has been effective in reducing <a href=\"https:\/\/www.cherrybyele.com\/es\/the-negative-impact-of-illegal-immigration\/\" title=\"\">la inmigraci\u00f3n ilegal<\/a>, and drug and human trafficking. (<a href=\"https:\/\/www.cbp.gov\/newsroom\/video-gallery\/video-library\/walls-work\" target=\"_blank\" rel=\"noopener\" title=\"\">10<\/a>) A partir de este, el m\u00e1s desgarrador es el tr\u00e1fico de ni\u00f1os inocentes para el trabajo forzado, o peor a\u00fan, el tr\u00e1fico sexual.<\/p>\n\n\n\n<figure class=\"wp-block-embed is-type-rich is-provider-twitter wp-block-embed-twitter\"><div class=\"wp-block-embed__wrapper\">\n<blockquote class=\"twitter-tweet\" data-width=\"550\" data-dnt=\"true\"><p lang=\"en\" dir=\"ltr\">NUEVO a partir de PragerU: <br> <br>&#034;Americanos&#034;, con las historias de los Latinos de todo el pa\u00eds que encarnan el sue\u00f1o Americano.<a href=\"https:\/\/twitter.com\/realannapaulina?ref_src=twsrc%5Etfw\">@realannapaulina<\/a> comparte la verdad sobre lo que est\u00e1 sucediendo en la frontera y mucho m\u00e1s en el debut en el episodio, ahora disponible \ud83d\udc49<a href=\"https:\/\/t.co\/pPPjx2Q0eK\">https:\/\/t.co\/pPPjx2Q0eK<\/a> <a href=\"https:\/\/t.co\/lEk58hdxWa\">pic.twitter.com\/lEk58hdxWa<\/a><\/p>\u2014 PragerU (@prageru) <a href=\"https:\/\/twitter.com\/prageru\/status\/1255519713276248064?ref_src=twsrc%5Etfw\">29 de abril de 2020<\/a><\/blockquote><script async src=\"https:\/\/platform.twitter.com\/widgets.js\" charset=\"utf-8\"><\/script>\n<\/div><\/figure>\n\n\n\n<p><strong>And no, Donald Trump, &nbsp;does not put children in cages as the media said.<\/strong><\/p>\n\n\n\n<p>Las jaulas fueron una iniciativa de la administracion de Obama y Biden. Todas las fotos que salieron en las redes sociales y en los medios de comunicaci\u00f3n, tratando de crear un esc\u00e1ndalo y culpar a Trump, eran de la administraci\u00f3n de Obama, cuando era presidente. La famosa ni\u00f1a que salio en la portada de Times nunca fue separada de su madre. (<a href=\"https:\/\/www.lne.es\/internacional\/2018\/06\/22\/nina-inspiro-portada-time-separada\/2307389.html\" target=\"_blank\" rel=\"noreferrer noopener\">11<\/a>)<\/p>\n\n\n\n<figure class=\"wp-block-embed is-type-rich is-provider-twitter wp-block-embed-twitter\"><div class=\"wp-block-embed__wrapper\">\n<blockquote class=\"twitter-tweet\" data-width=\"550\" data-dnt=\"true\"><p lang=\"en\" dir=\"ltr\">El ex Obama HIELO l\u00edder, Thomas Homan habla con la verdad al poder. \u00c9l sin rodeos pone las cosas en claro para los medios de comunicaci\u00f3n liberales y los Dem\u00f3cratas del congreso: HIELO de la celebraci\u00f3n de &#034;jaulas&#034; fueron creados por Obama, no de Triunfo. \u00bfQu\u00e9 hay de ese hecho?! <a href=\"https:\/\/twitter.com\/realDailyWire?ref_src=twsrc%5Etfw\">@realDailyWire<\/a> <a href=\"https:\/\/twitter.com\/hashtag\/BorderCrisis?src=hash&amp;ref_src=twsrc%5Etfw\">#BorderCrisis<\/a> <a href=\"https:\/\/t.co\/PTmeAhDM7t\">https:\/\/t.co\/PTmeAhDM7t<\/a><\/p>\u2014 Robert B. Charles (@RCharles4USA) <a href=\"https:\/\/twitter.com\/RCharles4USA\/status\/1144274815945195522?ref_src=twsrc%5Etfw\">27 de junio de 2019<\/a><\/blockquote><script async src=\"https:\/\/platform.twitter.com\/widgets.js\" charset=\"utf-8\"><\/script>\n<\/div><\/figure>\n\n\n\n<p>El presidente Donald Trump inmediatamente firm\u00f3 una orden ejecutiva para evitar que eso suceda. Se separaban unicamente a los adultos de los menores de edad si no se podia demostrar la patria potestad o relaci\u00f3n de parentesco con el menor. <\/p>\n\n\n\n<p>Esto era para proteger a los menores del tr\u00e1fico que se produce en la frontera, donde muchos de estos ni\u00f1os son alquilados. El sistema es abusado porque hay una cierta preferencia por las unidades familiares, incluso si ellos entraron ilegalmente al pa\u00eds. &nbsp;<\/p>\n\n\n\n<p>Tambi\u00e9n proteg\u00eda a los ninos de la trata sexual. Muchos de los problemas que enfrentan los inmigrantes ilegales se acabar\u00eda si fueran a un puerto de entrada en lugar de cruzar ilegalmente. (&nbsp;<a href=\"https:\/\/panampost.com\/mamela-fiallo\/2019\/06\/27\/jaulas-migrantes-obama\/\" target=\"_blank\" rel=\"noreferrer noopener\">12<\/a>,&nbsp;<a href=\"https:\/\/www.lavanguardia.com\/internacional\/20180620\/45290013600\/congreso-eeuu-votara-separacion-familias.html\" target=\"_blank\" rel=\"noreferrer noopener\">13<\/a>,&nbsp;<a href=\"https:\/\/www.breitbart.com\/politics\/2018\/06\/20\/4-reasons-why-separating-border-children-is-the-only-humane-choice\/\" target=\"_blank\" rel=\"noreferrer noopener\">14<\/a>)<\/p>\n\n\n\n<figure class=\"wp-block-embed is-type-rich is-provider-twitter wp-block-embed-twitter\"><div class=\"wp-block-embed__wrapper\">\n<blockquote class=\"twitter-tweet\" data-width=\"550\" data-dnt=\"true\"><p lang=\"en\" dir=\"ltr\">El presidente de Triunfo: &#034;Somos la firma de una orden ejecutiva, considero que es muy importante la orden ejecutiva, Se trata de mantener unidas a las familias, mientras que al mismo tiempo estar seguro de que tenemos una muy potente, muy fuerte de la frontera.&#034; <a href=\"https:\/\/t.co\/RZkumsDM8j\">pic.twitter.com\/RZkumsDM8j<\/a><\/p>\u2014 CSPAN (@cspan) <a href=\"https:\/\/twitter.com\/cspan\/status\/1009524988762841088?ref_src=twsrc%5Etfw\">El 20 de junio de 2018<\/a><\/blockquote><script async src=\"https:\/\/platform.twitter.com\/widgets.js\" charset=\"utf-8\"><\/script>\n<\/div><\/figure>\n\n\n\n<p>Las pol\u00edticas de la administraci\u00f3n actual, son un desastre total, que conduce, a una invasi\u00f3n e inseguridad para los ciudadanos y los inmigrantes legales de los Estados Unidos. (<a href=\"https:\/\/www.bbc.com\/news\/world-us-canada-56446814\" target=\"_blank\" rel=\"noopener\" title=\"\">15<\/a>) Por no mencionar el dinero de los contribuyentes que se tiene que utilizar para gestionar a todos estos ilegales, tales como el pago de hoteles para hospedarse. (<a href=\"https:\/\/cis.org\/Arthur\/Taxpayers-Spend-39269-Person-Night-Hotels-Illegal-BorderCrossers\" target=\"_blank\" rel=\"noopener\" title=\"\">16<\/a>)<\/p>\n\n\n\n<figure class=\"wp-block-embed is-type-rich is-provider-twitter wp-block-embed-twitter\"><div class=\"wp-block-embed__wrapper\">\n<blockquote class=\"twitter-tweet\" data-width=\"550\" data-dnt=\"true\"><p lang=\"en\" dir=\"ltr\">\ud83d\udea8NEW &#8211; House Speaker Mike Johnson delivers first floor speech on border catastrophe, accusing President Biden of intentionally creating a &quot;clear and present danger to our national security.&quot;<br><br>&quot;Since I was elected Speaker less than 100 days ago, more than 700,000 illegals have\u2026 <a href=\"https:\/\/t.co\/ZLpuz9pPGz\">pic.twitter.com\/ZLpuz9pPGz<\/a><\/p>&mdash; KanekoaTheGreat (@KanekoaTheGreat) <a href=\"https:\/\/twitter.com\/KanekoaTheGreat\/status\/1753202850023498016?ref_src=twsrc%5Etfw\">February 1, 2024<\/a><\/blockquote><script async src=\"https:\/\/platform.twitter.com\/widgets.js\" charset=\"utf-8\"><\/script>\n<\/div><\/figure>\n\n\n\n<h2 class=\"wp-block-heading\" id=\"aioseo-8-education-and-minorities\">3. Protecci\u00f3n a Minor\u00edas<\/h2>\n\n\n\n<h3 class=\"wp-block-heading\" id=\"aioseo-1-children-with-autism\">Los ni\u00f1os con Autismo.<\/h3>\n\n\n\n<p>El 2 de octubre de 2018, el presidente Trump, firmo la Ley de Apoyo, Colaboraci\u00f3n, Responsabilidad,  Investigaci\u00f3n,  Educaci\u00f3n sobr el Autismo, (CARES), que asigna $1.8 mil millones en financiaci\u00f3n a lo largo de los pr\u00f3ximos cinco a\u00f1os para ayudar a las personas con trastorno del espectro autista y sus familias.<\/p>\n\n\n\n<blockquote class=\"wp-block-quote has-base-font-size is-layout-flow wp-block-quote-is-layout-flow\">\n<p class=\"has-base-font-size\">&nbsp;\"Todos los ni\u00f1os crecen y se hacen adultos, y los ni\u00f1os con autismo pierden los servicios de educaci\u00f3n. Pero el autismo es una vida con un desorden neurol\u00f3gico, y los adultos con autismo necesitan sus servicios.\" (<a href=\"https:\/\/abcnews.go.com\/Health\/trump-signs-18-billion-autism-cares-act\/story?id=66002425\" target=\"_blank\" rel=\"noreferrer noopener\">17<\/a>)&nbsp;<\/p>\n<\/blockquote>\n\n\n\n<figure class=\"wp-block-embed is-type-rich is-provider-twitter wp-block-embed-twitter\"><div class=\"wp-block-embed__wrapper\">\n<blockquote class=\"twitter-tweet\" data-width=\"550\" data-dnt=\"true\"><p lang=\"en\" dir=\"ltr\">Hoy, tuve el honor de firmar el Autismo se PREOCUPA proyecto de Ley! Apoyamos la investigaci\u00f3n para los Estadounidenses con Autismo y sus familias. Usted no se ha olvidado, estamos en la lucha para usted! <a href=\"https:\/\/t.co\/syyaLR0sNq\">pic.twitter.com\/syyaLR0sNq<\/a><\/p>\u2014 Donald J. Trump (@realDonaldTrump) <a href=\"https:\/\/twitter.com\/realDonaldTrump\/status\/1178841635716784129?ref_src=twsrc%5Etfw\">El 1 de octubre de 2019<\/a><\/blockquote><script async src=\"https:\/\/platform.twitter.com\/widgets.js\" charset=\"utf-8\"><\/script>\n<\/div><\/figure>\n\n\n\n<h3 class=\"wp-block-heading\" id=\"aioseo-2-he-supports-children-with-down-syndrome\">Los ni\u00f1os con s\u00edndrome de Down.<\/h3>\n\n\n\n<p>Nunca he visto a un Presidente  que apoyara a las personas con S\u00edndrome de Down como Donald Trump hizo.<\/p>\n\n\n\n<p><strong>En Octubre De 2018<\/strong>, El presidente Donald Trump reconoci\u00f3 el mes como Conciencia del S\u00edndrome de Down con una declaraci\u00f3n que celebra las \"vidas de m\u00e1s de 250,000 estadounidenses con s\u00edndrome de Down.\u201d <\/p>\n\n\n\n<p>El presidente Trump conden\u00f3 expresamente el exterminio de esos seres humanos encantadores e inocentes cuyo \u00fanico crimen que merece la muerte es no tener el mismo nivel de coeficiente intelectual que su verdugo.<a href=\"https:\/\/www.infocatolica.com\/?t=noticia&amp;cod=33285\" target=\"_blank\" rel=\"noopener\" title=\"\">18<\/a>)<\/p>\n\n\n\n<blockquote class=\"wp-block-quote is-layout-flow wp-block-quote-is-layout-flow\">\n<p class=\"has-base-font-size\"><em>\u201cTodas las personas est\u00e1n dotadas por su Creador con dignidad, con el derecho a la vida, la libertad y la b\u00fasqueda de la felicidad, A pesar de algunos mitos y estigmas persistentes, incluso dentro de la comunidad m\u00e9dica, nuestra Naci\u00f3n acepta firmemente la verdad innegable de que un diagn\u00f3stico de s\u00edndrome de Down es una oportunidad para abrazar los dones de Dios. Defiendo la vida, en todas sus hermosas manifestaciones, y yo, y mi Administraci\u00f3n, continuaremos condenando el prejuicio y la discriminaci\u00f3n que los estadounidenses con s\u00edndrome de Down soportan con frecuencia\u201d,<\/em>r<em>agreg\u00f3.<\/em>(<a href=\"https:\/\/www.presidency.ucsb.edu\/documents\/message-down-syndrome-awareness-month\" target=\"_blank\" rel=\"noopener\" title=\"\">19<\/a>)<\/p>\n<\/blockquote>\n\n\n\n<figure class=\"wp-block-embed aligncenter is-type-rich is-provider-twitter wp-block-embed-twitter\"><div class=\"wp-block-embed__wrapper\">\n<blockquote class=\"twitter-tweet\" data-width=\"550\" data-dnt=\"true\"><p lang=\"en\" dir=\"ltr\">Reloj: el Presidente Trump el abrazo de los miembros de la Shalva Banda \u2764\ufe0f <a href=\"https:\/\/t.co\/wFRW3wzB4w\">pic.twitter.com\/wFRW3wzB4w<\/a><\/p>\u2014 Wojciech Pawelczyk (@WojPawelczyk) <a href=\"https:\/\/twitter.com\/WojPawelczyk\/status\/1203786954481061890?ref_src=twsrc%5Etfw\">El 8 de diciembre de 2019<\/a><\/blockquote><script async src=\"https:\/\/platform.twitter.com\/widgets.js\" charset=\"utf-8\"><\/script>\n<\/div><\/figure>\n\n\n\n<p>Yo no s\u00e9 ustedes, pero esto me parece muy inclusivo y de apoyo de las minor\u00edas. L\u00e1stima que muchas personas quieren eliminarlos en el vientre.<\/p>\n\n\n\n<h3 class=\"wp-block-heading\" id=\"aioseo-education-for-minorities\">Los presos<\/h3>\n\n\n\n<p>Por otro lado, en diciembre de 2018, el presidente firm\u00f3 el proyecto de ley de reforma de prisi\u00f3n \"Primer Paso\". La ley alienta a los presos a participar en los programas para reducir el riesgo de recaidas en el uso de drogas, con el premio de salir de la c\u00e1rcel antes. &nbsp;<\/p>\n\n\n\n<p>This will not apply to serious offenses such as firearms or sexual exploitation of children. Prisoners can earn 7 days of good behavior credit each year and old-age or terminally ill eligibility.&nbsp;(<a href=\"https:\/\/www.foxnews.com\/politics\/trump-signs-criminal-justice-reform-bill\">20<\/a>)<\/p>\n\n\n\n<h3 class=\"wp-block-heading\" id=\"aioseo-native-tribes\">Las tribus nativas<\/h3>\n\n\n\n<p>En diciembre de 2019, Donald Trump, firmo 3 proyectos de ley para apoyar la soberan\u00eda y la cultura de las tribus nativas. Los tres proyectos de ley incluyen la compensaci\u00f3n a la tribu Spokane por la p\u00e9rdida de sus tierras a mediados de la d\u00e9cada de 1900, la reautorizaci\u00f3n de fondos para el programas idiomas Nativos, y el reconocimiento federal de la tribu de los Peque\u00f1os Shell Tribu de los Indios Chippewa en Montana. (<a href=\"https:\/\/thehill.com\/changing-america\/respect\/diversity-inclusion\/476049-trump-signed-three-bills-affecting-native\" target=\"_blank\" rel=\"noreferrer noopener\">21<\/a>)<\/p>\n\n\n\n<figure class=\"wp-block-embed is-type-rich is-provider-twitter wp-block-embed-twitter\"><div class=\"wp-block-embed__wrapper\">\n<blockquote class=\"twitter-tweet\" data-width=\"550\" data-dnt=\"true\"><p lang=\"en\" dir=\"ltr\">Gracias Indio Pa\u00eds por ser una parte tan IMPORTANTE de la historia de los estados unidos! Recientemente he firmado 3 proyectos de ley para apoyar la soberan\u00eda tribal....<\/p>\u2014 Donald J. Trump (@realDonaldTrump) <a href=\"https:\/\/twitter.com\/realDonaldTrump\/status\/1210600560719781889?ref_src=twsrc%5Etfw\">27 de diciembre de 2019<\/a><\/blockquote><script async src=\"https:\/\/platform.twitter.com\/widgets.js\" charset=\"utf-8\"><\/script>\n<\/div><\/figure>\n\n\n\n<h3 class=\"wp-block-heading\" id=\"aioseo-black-americans\">Los Estadounidenses de Color<\/h3>\n\n\n\n<p>A pesar de una<strong>mejor econom\u00eda, para todas las minor\u00edas<\/strong> el presidente hizo otras cosas que  tambien beneficiaron a las minor\u00edas. En diciembre de 2019, el Presidente de Donald Trump, firm\u00f3 un proyecto de ley bipartidista que permite proporcionar m\u00e1s de $250 millones al a\u00f1o a escuelas y universidades historicamente <strong>Colegios de Negros<\/strong> y universidades y decenas de otras instituciones que sirven una gran proporci\u00f3n de estudiantes pertenecientes a minor\u00edas. (<a href=\"https:\/\/apnews.com\/article\/c4834e48841d97c5a93312b1bf75302a\" target=\"_blank\" rel=\"noreferrer noopener\">22<\/a>)<\/p>\n\n\n\n<h2 class=\"wp-block-heading\" id=\"aioseo-1-he-is-the-most-pro-life-president-the-united-states-has-ever-had\">4. \u00c9l es el presidente m\u00e1s pro-vida de los Estados Unidos ha tenido.<\/h2>\n\n\n\n<h3 class=\"wp-block-heading\" id=\"aioseo-actions-in-favor-of-life\">Acciones en favor de la vida<\/h3>\n\n\n\n<p><strong>En abril de 2017, el Trump dej\u00f3 de financiaciar el Fondo de Poblaci\u00f3n de las las Naciones Unidas&nbsp;<\/strong>(UNFPA) por apoyar abortos frozados y esterilizaciones involuntarias en China.<\/p>\n\n\n\n<p> Alrededor de 32,5 millones de d\u00f3lares que el gobierno asign\u00f3 a la Agencia de los Estados Unidos para el Desarrollo Internacional (USAID). <\/p>\n\n\n\n<p>Estos fondos no fueron utilizados para organizaciones que promueven o realizan abortos en otros pa\u00edses, debido a una regulaci\u00f3n restablecida por Donald Trump. (<a href=\"https:\/\/www.actuall.com\/vida\/trump-corta-la-financiacion-al-fondo-de-poblacion-de-la-onu-por-apoyar-el-aborto\/\" target=\"_blank\" rel=\"noreferrer noopener\">23<\/a>)<\/p>\n\n\n\n<p><strong>En Marzo De 2019 Mike Pompeyo<\/strong> (Secretario de Estado), anunci\u00f3 que los <strong>Estados unidos reducir\u00eda las contribuciones a la OEA en los gastos de las actividades relacionadas con el aborto.<\/strong> <\/p>\n\n\n\n<p>Particularmente para suspender el financiamiento a la Comisi\u00f3n interamericana de Derechos Humanos, y la Comisi\u00f3n interamericana de Mujeres. Porque esos grupos son financiados por la OEA, para promover la legalizaci\u00f3n del aborto en toda Am\u00e9rica latina. (<a href=\"https:\/\/es.panampost.com\/mamela-fiallo\/2019\/03\/27\/la-administracion-trump-se-consagra-como-la-mas-provida-de-la-historia\/\" target=\"_blank\" rel=\"noreferrer noopener\">24<\/a>)<\/p>\n\n\n\n<figure class=\"wp-block-embed is-type-rich is-provider-twitter wp-block-embed-twitter\"><div class=\"wp-block-embed__wrapper\">\n<blockquote class=\"twitter-tweet\" data-width=\"550\" data-dnt=\"true\"><p lang=\"en\" dir=\"ltr\">Americano el dinero de los contribuyentes no ser\u00e1n utilizados para financiar abortos. Continuaremos a negarse a ayudar a las Ong extranjeras que realizan o promueven el aborto, as\u00ed como dar apoyo financiero a otros grupos extranjeros en el global de la industria del aborto. Vamos a proteger a los menos entre nosotros. <a href=\"https:\/\/t.co\/I0EwjbNk6Q\">pic.twitter.com\/I0EwjbNk6Q<\/a><\/p>\u2014 El Secretario De Pompeo (@SecPompeo) <a href=\"https:\/\/twitter.com\/SecPompeo\/status\/1110585345224130560?ref_src=twsrc%5Etfw\">El 26 de marzo de 2019<\/a><\/blockquote><script async src=\"https:\/\/platform.twitter.com\/widgets.js\" charset=\"utf-8\"><\/script>\n<\/div><\/figure>\n\n\n\n<p><strong>En agosto de 2019, la administraci\u00f3n de Donald Trump implement\u00f3 un programa llamado \"Proteger la Vida\",&nbsp;<\/strong>a la que redirigio el presupuesto para la salud reproductiva. Las clinicas de control familiar (que prestan servicios de ultrasonido,  apoyo en el embarazo, prevenci\u00f3n, educaci\u00f3n sexual, etc.) deben estar f\u00edsicamente separados de los centros de aborto, para poder recibir fondos federales del programa conocido como T\u00edtulo X. <\/p>\n\n\n\n<p>Planned Parenthood se neg\u00f3 a hacerlo, por lo que perdio 60 millones de d\u00f3lares al a\u00f1o del dinero de los contribuyentes. Los fondos del T\u00edtulo X est\u00e1n dise\u00f1ados para los ciudadanos de bajos ingresos para recibir servicios de salud, algunos de los cuales son proporcionados por Planned Parenthood (PP). <\/p>\n\n\n\n<p>Aunque el dinero de los impuestos no puede financiar directamente los abortos, estos fondos indirectamente sirven el mismo prop\u00f3sito, en el caso de Planned Parenthood. (<a href=\"https:\/\/infovaticana.com\/2019\/08\/21\/trump-empenado-en-ser-el-presidente-mas-provida-de-la-historia-de-eeuu\/\" target=\"_blank\" rel=\"noreferrer noopener\">25<\/a>)<\/p>\n\n\n\n<p><strong>En agosto de 2019, el Secretario de Estado, Mike Pompeo<\/strong>y el Secretario de los Estados unidos Departamento de Salud y Servicios Humanos, <strong>Alex Azar,<\/strong> sent a letter to foreign governments requesting their support for the world summit on \u201cuniversal health coverage \u201d, To discuss climate control and medical care issues, which was held on September 23. <\/p>\n\n\n\n<p>To address the pro-abortion proposals promoted by the United Nations (UN), seconded by the European Union (EU ). (<a href=\"https:\/\/talkingpointsmemo.com\/news\/trump-administration-azar-hhs-abortion-right-un\" target=\"_blank\" rel=\"noopener\" title=\"\">26<\/a>,<a href=\"https:\/\/thankyou.kuow.org\/stories\/at-u-n-trump-administration-professes-no-international-right-to-an-abortion\" target=\"_blank\" rel=\"noopener\" title=\"\">27<\/a>) <strong>Alex Azar, pidi\u00f3 a las Naciones Unidas para quitar el lenguaje pro-aborto de los documentos de la ONU<\/strong>:&nbsp;<\/p>\n\n\n\n<blockquote class=\"wp-block-quote is-layout-flow wp-block-quote-is-layout-flow\">\n<p class=\"has-base-font-size\">No apoyamos referencias a t\u00e9rminos y expresiones ambiguas, como la salud y los derechos sexuales y reproductivos en los documentos de la ONU, porque pueden socavar el papel cr\u00edtico de la familia y promover pr\u00e1cticas, como el aborto, en circunstancias que no gozan del consenso internacional y que puede ser malinterpretado por las agencias de la ONU.\u00a0\"salud sexual y reproductiva\" no tienen en cuenta \"el papel clave de la familia\" en la salud y la educaci\u00f3n, ni el derecho soberano de las naciones a implementar pol\u00edticas de salud de acuerdo con su contexto nacional. No existe el derecho internacional al aborto y estos t\u00e9rminos no deben usarse para promover pol\u00edticas y medidas pro-aborto. Adem\u00e1s, solo apoyamos la educaci\u00f3n sexual que aprecia el papel protector de la familia en esta educaci\u00f3n y no tolera los riesgos sexuales perjudiciales para los j\u00f3venes. Por consiguiente, solicitamos que la U. N., incluyendo las agencias, que se centran en los esfuerzos concretos que gozan de un amplio consenso entre los estados miembros. Para ello, s\u00f3lo los documentos que han sido adoptados por todos los Estados Miembros, deben ser citados en las resoluciones de la ONU.<a href=\"https:\/\/www.unmultimedia.org\/avlibrary\/asset\/2452\/2452733\/\" target=\"_blank\" rel=\"noopener\" title=\"\">28<\/a>)<\/p>\n<\/blockquote>\n\n\n\n<p>Al hacer su declaraci\u00f3n, Azar les pidi\u00f3 a otros pa\u00edses a unirse a la coalici\u00f3n, compuesta de Estados unidos, Bahrein, Belar\u00fas, el Brasil, la Rep\u00fablica Democr\u00e1tica del Congo, Egipto, Guatemala, Hait\u00ed, Hungr\u00eda, Iraq, Libia, Mal\u00ed, Nigeria, Polonia, Rusia, Arabia Saudita, Sud\u00e1n, Emiratos \u00c1rabes Unidos y Yemen. (&nbsp;<a href=\"https:\/\/www.aciprensa.com\/noticias\/diecinueve-paises-declaran-ante-la-onu-no-existe-derecho-al-aborto-33135\" target=\"_blank\" rel=\"noreferrer noopener\">29<\/a>)<\/p>\n\n\n\n<p><strong>En junio de 2019, la cuenta de Pinterest de la organizacion provida Live Action<\/strong> (dirigida por Lila Rose), fue suspendido. Ellos han tenido dificultades similares con Twitter, YouTube, y Ticktock, ya que sus cuentas fueron cerradas o la monetizaci\u00f3n eliminado. El presidente Donald Trump personalmente dejo que Lila diera un discurso en la Casa Blanca en julio de 2019. (<a href=\"https:\/\/www.lifesitenews.com\/news\/pinterest-labels-live-actions-pro-life-content-as-porn-then-permanently-deletes-account\" target=\"_blank\" rel=\"noreferrer noopener\">30<\/a>)<\/p>\n\n\n\n<figure class=\"wp-block-embed is-type-video is-provider-youtube wp-block-embed-youtube wp-embed-aspect-16-9 wp-has-aspect-ratio\"><div class=\"wp-block-embed__wrapper\">\n<iframe loading=\"lazy\" title=\"Lila Rose habla en la Casa Blanca en Pro de la Vida de la Censura\" width=\"1170\" height=\"658\" src=\"https:\/\/www.youtube.com\/embed\/iXMRk-n09-o?feature=oembed\" frameborder=\"0\" allow=\"accelerometer; autoplay; clipboard-write; encrypted-media; gyroscope; picture-in-picture; web-share\" referrerpolicy=\"strict-origin-when-cross-origin\" allowfullscreen><\/iframe>\n<\/div><\/figure>\n\n\n\n<p><strong>22 de enero de 2020, fue establecido por el Presidente Donald Trump como el D\u00eda Nacional por la Santidad de la Vida Humana<\/strong>:&nbsp;<\/p>\n\n\n\n<blockquote class=\"wp-block-quote is-layout-flow wp-block-quote-is-layout-flow\">\n<p class=\"has-base-font-size\"><em>&nbsp;\u00a0\u201cToda persona \u2013el nacido y el no nacido, el pobre, el marginado, el discapacitado, el enfermo y el anciano\u2013 tiene un valor inherente. Aunque cada camino es distinto, toda vida tiene valor y consecuencias por lo que los derechos de todos deben defenderse.\u201d \u201cEn el D\u00eda Nacional de la Santidad de la Vida Humana, nuestra naci\u00f3n orgullosa y fuertemente reafirma nuestro compromiso para proteger el precioso don de la vida en todas sus fases, desde la concepci\u00f3n hasta la muerte natural\u201d. <\/em>(<a href=\"https:\/\/trumpwhitehouse.archives.gov\/presidential-actions\/proclamation-national-sanctity-human-life-day-2020\/\" target=\"_blank\" rel=\"noopener\" title=\"\">31<\/a>)<\/p>\n<\/blockquote>\n\n\n\n<p>La fecha es el aniversario de la decisi\u00f3n del Tribunal Supremo de 22 de enero de 1973, conocida como Roe vs Wade, en la que se aprob\u00f3 el aborto en los Estados unidos. (<a href=\"https:\/\/www.aciprensa.com\/noticias\/en-estados-unidos-declaran-el-22-de-enero-dia-de-la-santidad-de-la-vida-humana-43211\/\" target=\"_blank\" rel=\"noreferrer noopener\">32<\/a>)<\/p>\n\n\n\n<p><strong>El 24 De Enero De 2020<\/strong>el Departamento de Salud y Servicios Humanos anunci\u00f3 que en California se estaba violando la ley federal tratando de forzar a las iglesias a pagar por abortos. A trav\u00e9s de la Oficina de Derechos Civiles, se le notifico al estado de California tenia 30 d\u00edas para informar si va a continuar con esta conducta o tomar la acci\u00f3n correctiva.<\/p>\n\n\n\n<p>Donald Trump se mencion\u00f3 en este sentido:<\/p>\n\n\n\n<blockquote class=\"wp-block-quote is-layout-flow wp-block-quote-is-layout-flow\">\n<p class=\"has-base-font-size\">&#034;<em>Nadie en estados unidos deber\u00eda ser obligado a pagar o cubrir los abortos de otras personas&#034;, dijo Roger Severino, Director de OCR. &#034;Estamos poniendo de California sobre aviso de que se debe dejar de forzar a las personas de buena voluntad para subsidiar la toma de la vida humana, no s\u00f3lo porque es la moral, sino porque es la ley&#034;. (<a href=\"https:\/\/www.lifesitenews.com\/news\/trump-admin-to-california-youre-breaking-the-law-by-forcing-churches-to-fund-abortions\/\" target=\"_blank\" rel=\"noopener\" title=\"\">33<\/a>)<\/em><\/p>\n<\/blockquote>\n\n\n\n<p><strong>En febrero de 2020, en el Estado de la Uni\u00f3n<\/strong>El presidente de Trump presento a Ellie Schneider, quien naci\u00f3 a las 21 semanas, 6 d\u00edas y logr\u00f3 sobrevivir en St Luke's hospital. Trump le pidi\u00f3 al Congreso proporcionar  $50 millones adicionales para el cribado neonatal y bloquear el aborto del tercer trimestre.<\/p>\n\n\n\n<blockquote class=\"wp-block-quote is-layout-flow wp-block-quote-is-layout-flow\">\n<p class=\"has-base-font-size\"><em>\"Seamos Republicanos, Dem\u00f3cratas o Independientes, seguramente debemos estar todos de acuerdo de que cada vida humana es un don sagrado de Dios!\" <\/em>(<a href=\"https:\/\/www.dailywire.com\/news\/white-house-officially-responds-to-pelosi-ripping-up-trumps-speech?utm_content=non_insiders&amp;utm_campaign=dw_newsletter&amp;utm_medium=email&amp;utm_source=housefile&amp;_hsenc=p2ANqtz-_IDPMPaTumDrvNN2RwzMV1nCxgAVfGWCcPnAY7qff-V5HjZUr7qP-aWEd6XAGZBW31-TKpCNMBRWGpb0IN2i4DHMBu0Q&amp;_hsmi=82987789\" target=\"_blank\" rel=\"noopener\" title=\"\">34<\/a>).<\/p>\n<\/blockquote>\n\n\n\n<p><strong>El 25 De Septiembre De 2020<\/strong>Donald Trump firm\u00f3 la orden ejecutiva \"Nacido vivo\", en el que no importa las circunstancias, (tales como un intento fallido de aborto) si un beb\u00e9 nace vivo, no puede ser abandonado y debe hacer todo lo posible para preservar su vida. (<a href=\"https:\/\/www.foxnews.com\/politics\/trump-born-alive-executive-order-abortion\" target=\"_blank\" rel=\"noopener\" title=\"\">35 <\/a>)<\/p>\n\n\n\n<h3 class=\"wp-block-heading\" id=\"aioseo-participation-on-the-march-for-life\">Participaci\u00f3n en la marcha por la Vida<\/h3>\n\n\n\n<p><strong>El 24 De Enero De 2020<\/strong>,  el Vicepresidente  Mike Pence fue a Roma, para encontrarse con el Papa Francisco y hablar acerca de la causa pro-vida. (<a href=\"https:\/\/www.catholicnewsagency.com\/news\/43375\/vp-pence-and-pope-francis-discuss-us-pro-life-movement-during-vatican-meeting\" target=\"_blank\" rel=\"noopener\" title=\"\">36<\/a>) A trav\u00e9s de la estaci\u00f3n de televisi\u00f3n Catolica EWTN en Roma, se dirigi\u00f3 a la gente reunida en la marcha por la Vida. Asimismo, el Presidente de Donald Trump, asisti\u00f3 a la marcha y ofreci\u00f3 el siguiente mensaje:<\/p>\n\n\n\n<figure class=\"wp-block-embed is-type-video is-provider-youtube wp-block-embed-youtube wp-embed-aspect-16-9 wp-has-aspect-ratio\"><div class=\"wp-block-embed__wrapper\">\n<iframe loading=\"lazy\" title=\"El presidente de Triunfo marcha por la Vida de 2020 discurso completo\" width=\"1170\" height=\"658\" src=\"https:\/\/www.youtube.com\/embed\/3RjuADPBo-Q?feature=oembed\" frameborder=\"0\" allow=\"accelerometer; autoplay; clipboard-write; encrypted-media; gyroscope; picture-in-picture; web-share\" referrerpolicy=\"strict-origin-when-cross-origin\" allowfullscreen><\/iframe>\n<\/div><\/figure>\n\n\n\n<p>El discurso completo se puede encontrar aqu\u00ed:<\/p>\n\n\n\n<p><a href=\"https:\/\/www.lifesitenews.com\/news\/full-text-trumps-2020-march-for-life-speech\" target=\"_blank\" rel=\"noopener\" title=\"\">https:\/\/www.lifesitenews.com\/news\/full-text-trumps-2020-march-for-life-speech<\/a><\/p>\n\n\n\n<p>Este fue la primera marcha a la que el presidente Trump asisti\u00f3, sin embargo, no es el primero en el que \u00e9l se dirigi\u00f3 a la de marzo. El 19 de enero de 2018, junto con el Vicepresidente, Mike Pence, dirigi\u00f3 un mensaje a trav\u00e9s de video v\u00eda sat\u00e9lite desde el Jard\u00edn de Rosas de la Casa Blanca (<a href=\"https:\/\/www.theatlantic.com\/politics\/archive\/2018\/01\/march-for-life-trump\/551057\/\" target=\"_blank\" rel=\"noopener\" title=\"\">37<\/a>). <\/p>\n\n\n\n<p>In 2019 Vice President Mike Pence surprised the march and addressed the attendees, along with a video of President Trump. (<a href=\"https:\/\/www.usatoday.com\/story\/news\/2019\/01\/18\/march-life-rally-thousands-washington-say-all-life-matters\/2613673002\/\" target=\"_blank\" rel=\"noopener\" title=\"\">38<\/a> )<\/p>\n\n\n\n<h3 class=\"wp-block-heading\" id=\"aioseo-pro-file-support-for-president-trump\">Apoyo provida para el presidente Trump<\/h3>\n\n\n\n<p><strong>En Febrero 14, 2020<\/strong>, 50 organizaciones provida de Am\u00e9rica latina (Honduras, Guatemala, El Salvador, Nicaragua, Panam\u00e1, Venezuela, Ecuador, Colombia, Per\u00fa, Brasil, Argentina, Paraguay, Chile, Bolivia y Uruguay), as\u00ed como de Espa\u00f1a, enviaron una carta al Presidente Donald Trump, agradeci\u00e9ndole por sus acciones en pro de la vida, y pidi\u00e9ndole a no ceder a la presi\u00f3n internacional. (<a href=\"https:\/\/www.aciprensa.com\/pdf\/letter-to-president-trump-prolife-latin-america.pdf\" target=\"_blank\" rel=\"noopener\" title=\"\">39<\/a>)<\/p>\n\n\n\n<p><strong>El 26 De Agosto De 2020<\/strong>, en la convenci\u00f3n Republicana, Abby Johnson, quien siempre ha mostrado su apoyo al expresidente,  dio un excelente y memorable discurso. Ella comparti\u00f3 su experiencia de trabajo en la industria del aborto y tambi\u00e9n la raz\u00f3n por la que ahora defiende la vida, as\u00ed c\u00f3mo su ayuda a los ex trabajadores de la industria del aborto.<\/p>\n\n\n\n<figure class=\"wp-block-embed is-type-video is-provider-youtube wp-block-embed-youtube wp-embed-aspect-16-9 wp-has-aspect-ratio\"><div class=\"wp-block-embed__wrapper\">\n<iframe loading=\"lazy\" title=\"Abby Johnson Explica por Qu\u00e9 Dej\u00f3 de Planned Parenthood En El 2020 RNC | NBC News\" width=\"1170\" height=\"658\" src=\"https:\/\/www.youtube.com\/embed\/NXQjCuWFdzI?feature=oembed\" frameborder=\"0\" allow=\"accelerometer; autoplay; clipboard-write; encrypted-media; gyroscope; picture-in-picture; web-share\" referrerpolicy=\"strict-origin-when-cross-origin\" allowfullscreen><\/iframe>\n<\/div><\/figure>\n\n\n\n<h3 class=\"wp-block-heading\" id=\"aioseo-overturn-of-roe-vs-wade\">Derrocacion de Roe vs Wade<\/h3>\n\n\n\n<p>El mejor y m\u00e1s emocionante legado pro-vida que el Presidente Trump hizo fue el <strong>derrocacion de Roe vs Wade el 24 de junio de 2022<\/strong> (solemnidad del nacimiento de San Juan el Bautista).<\/p>\n\n\n\n<p>Yo s\u00e9 que \u00e9l ya no era presidente, pero sin \u00e9l, su trabajo y sus decisiones, esto nunca habr\u00eda sucedido. Por supuesto, debemos agradecer especialmente a los valientes magistrados de la Corte Suprema de justicia (algunos de los cuales Trump nombr\u00f3), por este milagro. \u00c9l lo prometi\u00f3 en su campa\u00f1a, y lo cumpli\u00f3. (<a href=\"https:\/\/news.yahoo.com\/news\/donald-trump-says-hell-appoint-142600218.html\" target=\"_blank\" rel=\"noopener\" title=\"\">40<\/a>,<a href=\"https:\/\/www.cnn.com\/2022\/06\/24\/politics\/trump-roe-wade-abortion-overturned-legacy\/index.html\" target=\"_blank\" rel=\"noopener\" title=\"\">41<\/a>)<\/p>\n\n\n\n<h3 class=\"wp-block-heading\" id=\"aioseo-update-on-the-2024-election\">Actualizaci\u00f3n sobre las elecciones de 2024<\/h3>\n\n\n\n<p>The Trump administration, as you can see, was very pro-life. He delivered on the promises he made to his Christian pro-life base who elected him. I couldn&#8217;t be more proud of him, and I look forward to voting for his reelection.<\/p>\n\n\n\n<p>I never expected to see the overturning of Roe vs Wade in my lifetime. President Trump made this possible through his Supreme Court appointments.  Recently, and unfortunately, President Trump has made some very disappointing comments about the topic of abortion and about one state legislation being too pro-life.<\/p>\n\n\n\n<p>I don&#8217;t know if this is a political strategy or if he really meant those comments. I do not think he will garner more center-left votes with this position, and he could lose part of his base due to this.<\/p>\n\n\n\n<p>Al final del d\u00eda, es nuestro trabajo seguir votando a favor de la vida en nuestros estados, seguir cambiando corazones y mentes sobre el tema del aborto y recordar y presionar al presidente Trump sobre lo que quiere su base votante. <\/p>\n\n\n\n<h2 class=\"wp-block-heading\" id=\"aioseo-9-health\">5. Mejoras a la salud durante la administraci\u00f3n Trump.<\/h2>\n\n\n\n<p>El presidente Donald Trump hizo cosas buenas para mejorar el sistema de salud.<\/p>\n\n\n\n<p>Firm\u00f3 una orden ejecutiva para ampliar las opciones de cuidado de salud de los Estadounidenses y promover la competencia en el mercado. Esto lleva a acciones para mejorar el sector salud del pa\u00eds y ayudar a las familias de clase media. <\/p>\n\n\n\n<p>Mejor acceso a una cobertura m\u00e1s asequible asi como una mayor variedad de opciones para que los empleadores ofrezcan un seguro de salud a sus trabajadores. Muchos de estos cambios esencialmente cambia las restricciones de la  administraci\u00f3n  Obama destinadas a obligar a tener un plan que les quede a todos. La administraci\u00f3n de Obama severamente restringio planes a corto plazo. <\/p>\n\n\n\n<p>Estos planes no est\u00e1n sujetos al costoso ObamaCare, por lo que son m\u00e1s asequibles para millones de personas. El la administraci\u00f3n Trump  revirti\u00f3 las restricciones de la  administraci\u00f3n Obama permitiendo a millones de Estadounidenses la capacidad de compra de seguro de calidad que mejor se adapte a sus necesidades. <\/p>\n\n\n\n<p>Tambi\u00e9n hizo m\u00e1s f\u00e1cil para que las peque\u00f1as empresas se unan y obtengan las mismas ventajas  que las de las grandes empresas reciben cuando se ofrecen seguros. Mientras que una docena de fiscales generales llevaron un pleito para revocar esta oportunidad, la administraci\u00f3n lucho en los tribunales.&nbsp;<\/p>\n\n\n\n<p>&nbsp;A Partir De Enero. 1, 2020, una nueva regla permiti\u00f3 a los empleadores a ofrecer arreglos de reembolso de salud (HRA) para pagar las primas de los planes que los empleados seleccionen en el mercado individual. Los empleados no necesitan pagar impuestos federales o impuestos sobre la n\u00f3mina en contribuciones HRA. Esta nueva regla de la administraci\u00f3n Trump sobre los HRA ofreci\u00f3 a los trabajadores un mayor control y oportunidad de elecci\u00f3n. Tambi\u00e9n hizo m\u00e1s f\u00e1cil para los trabajadores mantener sus planes cuando cambian de empleo.&nbsp;&nbsp;<\/p>\n\n\n\n<p>&nbsp;La administraci\u00f3n Trump tambi\u00e9n cambio la pol\u00edtica fiscal para ayudar a los enfermos cr\u00f3nicos, por lo que el ahorro para gastos futuros m\u00e1s f\u00e1cil. Por ejemplo, las reglas previas del IRS evitaba que los diab\u00e9ticos pusieran dinero en cuentas de ahorros de salud (HSA) si ten\u00edan un plan que cubria la insulina antes de que el plan de alcanzara el deducible. Trump,  cambio a la norma para permitir a las personas con estos planes para hacer contribuciones a su cuenta HSA (<a href=\"https:\/\/nypost.com\/2019\/09\/21\/five-smart-ways-trump-has-improved-our-health-care-system\/\" target=\"_blank\" rel=\"noreferrer noopener\">42<\/a>)<\/p>\n\n\n\n<p>En julio de 2020, Donald Trump, firmo 4 \u00f3rdenes ejecutivas para reducir el precio de los medicamentos y aumentar el acceso a medicamentos que salvan vidas, como la insulina.&nbsp;<\/p>\n\n\n\n<p><strong>La primera orden&nbsp;<\/strong>estaba dirigida para que los centros de salud federalmente calificados pasen descuentos masivos en la insulina y la adrenalina de las compa\u00f1\u00edas farmac\u00e9uticas hacia los Estadounidenses de bajos ingresos.&nbsp;<\/p>\n\n\n\n<p><strong>La segunda orden<\/strong> permitia, la importaci\u00f3n legal y segura de medicamentos con receta de Canad\u00e1 y de otros pa\u00edses donde el precio de medicamentos identicos es menor.&nbsp;<\/p>\n\n\n\n<p><strong>La tercera orden<\/strong> prohibia los acuerdos secretos entre los fabricantes de medicamentos e intermediarios como  \"los administradores de beneficios de farmacia\", para asegurar que los pacientes se beneficiar\u00e1n directamente de los descuentos disponibles en el mostrador de la farmacia.<\/p>\n\n\n\n<p>&nbsp;<strong>La cuarta orden&nbsp;<\/strong>aseguraba que Los  Estados Unidos pagara el precio m\u00e1s bajo disponible para la Parte B de Medicare de medicamentos entre los pa\u00edses econ\u00f3micamente avanzados. Los Estados Unidos a menudo paga  80 por ciento m\u00e1s en estos f\u00e1rmacos que otras naciones desarrolladas. (<a href=\"https:\/\/trumpwhitehouse.archives.gov\/briefings-statements\/president-donald-j-trump-taking-action-lower-drug-costs-ensure-americans-access-life-saving-medications\/\" target=\"_blank\" rel=\"noopener\" title=\"\">43<\/a>)<\/p>\n\n\n\n<p>Con respecto a la muy criticada <strong>respuesta <\/strong>al Coronavirus, tengo que decir que el Presidente Trump impuso severas restricciones a los viajes provenientes de  China el 31 de enero de 2020, mucho antes de que otros l\u00edderes reconocieran que era necesario. Algo que los Dem\u00f3cratas criticaron. <\/p>\n\n\n\n<p>Entonces, cuando el virus comenz\u00f3 a propagarse, presidente Trump de inmediato moviliz\u00f3 a los militares para construir enormes nuevas instalaciones hospitalarias, en la Ciudad de Nueva York y otros lugares, y pronto hubieron suficientementes camas. El presidente de Trump convencio a los l\u00edderes de la industria para acelerar el  la fabricaci\u00f3n de ventiladores de pronto hubo suficiente de ellos.<\/p>\n\n\n\n<p> Para la reapertura, el Presidente de Trump dejo la decisi\u00f3n a los gobernadores locales y otros funcionarios locales que son m\u00e1s conscientes de las diferentes situaciones en sus lugares individuales. Estados Unidos es uno de los pa\u00edses en los que m\u00e1s pruebas se realizaron que en cualquier otro. <\/p>\n\n\n\n<p>Adem\u00e1s, el presidente Trump, trabajo con el Congreso, para que r\u00e1pidamente se aprobaran tres  los paquetes de ayuda en relacion al coronavirus, con el resultado de que millones de Estadounidenses recibieron el pago, aunque sus lugares de trabajo fueron cerradas temporalmente. (<a href=\"https:\/\/townhall.com\/columnists\/waynegrudem\/2020\/08\/24\/30-good-things-president-trump-has-done-for-america-n2574849\" target=\"_blank\" rel=\"noreferrer noopener\">44<\/a>)<\/p>\n\n\n\n<h2 class=\"wp-block-heading\" id=\"aioseo-7-is-pro-israel-and-pro-jewish-president\">6. Durante la Administraci\u00f3n Trump hubo un buen manejo de las relaciones exteriores.<\/h2>\n\n\n\n<h3 class=\"wp-block-heading\" id=\"aioseo-no-wars-in-4-years\">No hubieron guerras en 4 a\u00f1os<\/h3>\n\n\n\n<p>En mi opini\u00f3n, uno de los mejores logros de la administraci\u00f3n del presidente Trump es no iniciar una nueva guerra. A pesar de que los medios alarmaron a todos, diciendo que estaba loco y que comenzar\u00eda la Tercera Guerra Mundial en cualquier momento. <\/p>\n\n\n\n<p>Esto no era nada, mas que  sensacionalismo barato. Sin embargo, \u00e9l brillantemente lidio con conflictos externos, mientras que al mismo tiempo logro tener una administraci\u00f3n pac\u00edfica. No muchos presidentes en los estados Unidos pueden enorgullecerse de no iniciar guerras. (<a href=\"https:\/\/www.newsweek.com\/donald-trump-first-president-since-jimmy-carter-not-enter-us-troops-new-conflict-1549037\" target=\"_blank\" rel=\"noopener\" title=\"\">45<\/a>)<\/p>\n\n\n\n<h3 class=\"wp-block-heading\" id=\"aioseo-fight-against-terrorism\"><strong>Lucha contra el terrorismo<\/strong><\/h3>\n\n\n\n<p>El presidente Trump autoriz\u00f3 un ataque con aviones no tripulados para matar al  l\u00edder terrorista Iran\u00ed Qassem Soleimani, Comandante de la revoluci\u00f3n Isl\u00e1mica de la Guardia de Corps-Fuerza Quds (IRGC-QF) con absoluto exito.<\/p>\n\n\n\n<p>&nbsp;La Casa Blanca  bajo la direcci\u00f3n del Presidente Donald J. Trump,  llev\u00f3 a cabo una operaci\u00f3n antiterrorista en Yemen que logro eliminar a Qasim al-Rimi, fundador y l\u00edder de al-qaeda en la Pen\u00ednsula Ar\u00e1biga (AQPA), y un adjunto al l\u00edder de al qaeda, Ayman al-Zawahiri. Rimi se uni\u00f3 a al-qaeda en la d\u00e9cada de 1990, trabajando en Afganist\u00e1n,  para Osama bin Laden. (<a href=\"https:\/\/www.dailywire.com\/news\/breaking-white-house-confirms-trump-has-killed-two-more-top-terrorists?%3Futm_source=twitter&amp;utm_medium=social&amp;utm_campaign=dwtwitter\" target=\"_blank\" rel=\"noreferrer noopener\">46<\/a>)<\/p>\n\n\n\n<p>El presidente Trump combati\u00f3 el terrorismo sin guerra. Muchas personas estaban en contra de estas medidas, alegando que ellos no quer\u00edan una nueva guerra, y que ellos estaban en contra de ella. Afortunadamente, fue un presidente que no declaro ninguna guerra como el resto de los presidentes de este siglo. La contrapartida es que Obama y Clinton, armaron y financiaron al grupo terrorista Isis. (<a href=\"https:\/\/www.churchmilitant.com\/news\/article\/julian-assange-hillarys-contribution-in-arming-isis\" target=\"_blank\" rel=\"noreferrer noopener\">47<\/a>)<\/p>\n\n\n\n<h3 class=\"wp-block-heading\" id=\"aioseo-president-trump-protected-the-border\">\u00c9l era un Presidente pro-Israel y pro-Jud\u00edo.<\/h3>\n\n\n\n<blockquote class=\"instagram-media\" data-instgrm-captioned data-instgrm-permalink=\"https:\/\/www.instagram.com\/p\/B711DI_BNGB\/?utm_source=ig_embed&amp;utm_campaign=loading\" data-instgrm-version=\"14\" style=\" background:#FFF; border:0; border-radius:3px; box-shadow:0 0 1px 0 rgba(0,0,0,0.5),0 1px 10px 0 rgba(0,0,0,0.15); margin: 1px; max-width:540px; min-width:326px; padding:0; width:99.375%; width:-webkit-calc(100% - 2px); width:calc(100% - 2px);\"><div style=\"padding:16px;\"> <a href=\"https:\/\/www.instagram.com\/p\/B711DI_BNGB\/?utm_source=ig_embed&amp;utm_campaign=loading\" style=\" background:#FFFFFF; line-height:0; padding:0 0; text-align:center; text-decoration:none; width:100%;\" target=\"_blank\" rel=\"noopener\"> <div style=\" display: flex; flex-direction: row; align-items: center;\"> <div style=\"background-color: #F4F4F4; border-radius: 50%; flex-grow: 0; height: 40px; margin-right: 14px; width: 40px;\"><\/div> <div style=\"display: flex; flex-direction: column; flex-grow: 1; justify-content: center;\"> <div style=\" background-color: #F4F4F4; border-radius: 4px; flex-grow: 0; height: 14px; margin-bottom: 6px; width: 100px;\"><\/div> <div style=\" background-color: #F4F4F4; border-radius: 4px; flex-grow: 0; height: 14px; width: 60px;\"><\/div><\/div><\/div><div style=\"padding: 19% 0;\"><\/div> <div style=\"display:block; height:50px; margin:0 auto 12px; width:50px;\"><svg width=\"50px\" height=\"50px\" viewbox=\"0 0 60 60\" version=\"1.1\" xmlns=\"https:\/\/www.w3.org\/2000\/svg\" xmlns:xlink=\"https:\/\/www.w3.org\/1999\/xlink\"><g stroke=\"none\" stroke-width=\"1\" fill=\"none\" fill-rule=\"evenodd\"><g transform=\"translate(-511.000000, -20.000000)\" fill=\"#000000\"><g><path d=\"M556.869,30.41 C554.814,30.41 553.148,32.076 553.148,34.131 C553.148,36.186 554.814,37.852 556.869,37.852 C558.924,37.852 560.59,36.186 560.59,34.131 C560.59,32.076 558.924,30.41 556.869,30.41 M541,60.657 C535.114,60.657 530.342,55.887 530.342,50 C530.342,44.114 535.114,39.342 541,39.342 C546.887,39.342 551.658,44.114 551.658,50 C551.658,55.887 546.887,60.657 541,60.657 M541,33.886 C532.1,33.886 524.886,41.1 524.886,50 C524.886,58.899 532.1,66.113 541,66.113 C549.9,66.113 557.115,58.899 557.115,50 C557.115,41.1 549.9,33.886 541,33.886 M565.378,62.101 C565.244,65.022 564.756,66.606 564.346,67.663 C563.803,69.06 563.154,70.057 562.106,71.106 C561.058,72.155 560.06,72.803 558.662,73.347 C557.607,73.757 556.021,74.244 553.102,74.378 C549.944,74.521 548.997,74.552 541,74.552 C533.003,74.552 532.056,74.521 528.898,74.378 C525.979,74.244 524.393,73.757 523.338,73.347 C521.94,72.803 520.942,72.155 519.894,71.106 C518.846,70.057 518.197,69.06 517.654,67.663 C517.244,66.606 516.755,65.022 516.623,62.101 C516.479,58.943 516.448,57.996 516.448,50 C516.448,42.003 516.479,41.056 516.623,37.899 C516.755,34.978 517.244,33.391 517.654,32.338 C518.197,30.938 518.846,29.942 519.894,28.894 C520.942,27.846 521.94,27.196 523.338,26.654 C524.393,26.244 525.979,25.756 528.898,25.623 C532.057,25.479 533.004,25.448 541,25.448 C548.997,25.448 549.943,25.479 553.102,25.623 C556.021,25.756 557.607,26.244 558.662,26.654 C560.06,27.196 561.058,27.846 562.106,28.894 C563.154,29.942 563.803,30.938 564.346,32.338 C564.756,33.391 565.244,34.978 565.378,37.899 C565.522,41.056 565.552,42.003 565.552,50 C565.552,57.996 565.522,58.943 565.378,62.101 M570.82,37.631 C570.674,34.438 570.167,32.258 569.425,30.349 C568.659,28.377 567.633,26.702 565.965,25.035 C564.297,23.368 562.623,22.342 560.652,21.575 C558.743,20.834 556.562,20.326 553.369,20.18 C550.169,20.033 549.148,20 541,20 C532.853,20 531.831,20.033 528.631,20.18 C525.438,20.326 523.257,20.834 521.349,21.575 C519.376,22.342 517.703,23.368 516.035,25.035 C514.368,26.702 513.342,28.377 512.574,30.349 C511.834,32.258 511.326,34.438 511.181,37.631 C511.035,40.831 511,41.851 511,50 C511,58.147 511.035,59.17 511.181,62.369 C511.326,65.562 511.834,67.743 512.574,69.651 C513.342,71.625 514.368,73.296 516.035,74.965 C517.703,76.634 519.376,77.658 521.349,78.425 C523.257,79.167 525.438,79.673 528.631,79.82 C531.831,79.965 532.853,80.001 541,80.001 C549.148,80.001 550.169,79.965 553.369,79.82 C556.562,79.673 558.743,79.167 560.652,78.425 C562.623,77.658 564.297,76.634 565.965,74.965 C567.633,73.296 568.659,71.625 569.425,69.651 C570.167,67.743 570.674,65.562 570.82,62.369 C570.966,59.17 571,58.147 571,50 C571,41.851 570.966,40.831 570.82,37.631\"><\/path><\/g><\/g><\/g><\/svg><\/div><div style=\"padding-top: 8px;\"> <div style=\" color:#3897f0; font-family:Arial,sans-serif; font-size:14px; font-style:normal; font-weight:550; line-height:18px;\">Ver este mensaje en Instagram<\/div><\/div><div style=\"padding: 12.5% 0;\"><\/div> <div style=\"display: flex; flex-direction: row; margin-bottom: 14px; align-items: center;\"><div> <div style=\"background-color: #F4F4F4; border-radius: 50%; height: 12.5px; width: 12.5px; transform: translateX(0px) translateY(7px);\"><\/div> <div style=\"background-color: #F4F4F4; height: 12.5px; transform: rotate(-45deg) translateX(3px) translateY(1px); width: 12.5px; flex-grow: 0; margin-right: 14px; margin-left: 2px;\"><\/div> <div style=\"background-color: #F4F4F4; border-radius: 50%; height: 12.5px; width: 12.5px; transform: translateX(9px) translateY(-18px);\"><\/div><\/div><div style=\"margin-left: 8px;\"> <div style=\" background-color: #F4F4F4; border-radius: 50%; flex-grow: 0; height: 20px; width: 20px;\"><\/div> <div style=\" width: 0; height: 0; border-top: 2px solid transparent; border-left: 6px solid #f4f4f4; border-bottom: 2px solid transparent; transform: translateX(16px) translateY(-4px) rotate(30deg)\"><\/div><\/div><div style=\"margin-left: auto;\"> <div style=\" width: 0px; border-top: 8px solid #F4F4F4; border-right: 8px solid transparent; transform: translateY(16px);\"><\/div> <div style=\" background-color: #F4F4F4; flex-grow: 0; height: 12px; width: 16px; transform: translateY(-4px);\"><\/div> <div style=\" width: 0; height: 0; border-top: 8px solid #F4F4F4; border-left: 8px solid transparent; transform: translateY(-4px) translateX(8px);\"><\/div><\/div><\/div> <div style=\"display: flex; flex-direction: column; flex-grow: 1; justify-content: center; margin-bottom: 24px;\"> <div style=\" background-color: #F4F4F4; border-radius: 4px; flex-grow: 0; height: 14px; margin-bottom: 6px; width: 224px;\"><\/div> <div style=\" background-color: #F4F4F4; border-radius: 4px; flex-grow: 0; height: 14px; width: 144px;\"><\/div><\/div><\/a><p style=\" color:#c9c8cd; font-family:Arial,sans-serif; font-size:14px; line-height:17px; margin-bottom:0; margin-top:8px; overflow:hidden; padding:8px 0 7px; text-align:center; text-overflow:ellipsis; white-space:nowrap;\"><a href=\"https:\/\/www.instagram.com\/p\/B711DI_BNGB\/?utm_source=ig_embed&amp;utm_campaign=loading\" style=\" color:#c9c8cd; font-family:Arial,sans-serif; font-size:14px; font-style:normal; font-weight:normal; line-height:17px; text-decoration:none;\" target=\"_blank\" rel=\"noopener\">Un post compartido por el Presidente Donald J. Trump (@realdonaldtrump)<\/a><\/p><\/div><\/blockquote> <script async src=\"\/\/www.instagram.com\/embed.js\"><\/script>\n\n\n\n<p>Si prestamos atenci\u00f3n a la historia, nos daremos cuenta de que quien trata a los Jud\u00edos mal, siendo el pueblo elegido de Dios, lo pasara mal. Est\u00e1 en la Biblia, despu\u00e9s de todo.<\/p>\n\n\n\n<blockquote class=\"wp-block-quote has-base-font-size is-layout-flow wp-block-quote-is-layout-flow\">\n<p class=\"has-base-font-size\"><em>Bendecir\u00e9 a los que te bendigan, y maldecir\u00e9 a los que te maldigan. Y en ti ser\u00e1n benditas todas las naciones de la tierra.<\/em><\/p>\n<cite><a href=\"https:\/\/www.biblegateway.com\/passage\/?search=Numbers%2024%3A9%2CGenesis%2049%3A9%2CGenesis%2012%3A3&amp;version=KJV\" target=\"_blank\" rel=\"noopener\" title=\"\">G\u00e9nesis 12:3<\/a><\/cite><\/blockquote>\n\n\n\n<p>Trump hizo propia la lucha contra el anti-Semitismo. Es curioso c\u00f3mo algunas personas tenian la certeza de que Donald Trump era igual a Hitler o de un verdadero Nazi. Esto parec\u00eda il\u00f3gico ya que su hija Ivanka,  su yerno, Jared Kushner, y sus nietos son Jud\u00edos.(<a href=\"https:\/\/israelnoticias.com\/judaismo\/trump-judios-yom-kipur\/\" target=\"_blank\" rel=\"noreferrer noopener\">48<\/a>)<\/p>\n\n\n\n<p>A finales de 2017 Donald Trump anunci\u00f3 su intenci\u00f3n de pasar a la embajada de EE.UU. en Israel a Jerusal\u00e9n. Una decisi\u00f3n que el Primer Ministro israel\u00ed, Benjamin Netanyahu, habia defendido. (<a href=\"https:\/\/www.voanoticias.com\/a\/trump-israel-jerusalem-medio-oriente\/4151167.html\">49<\/a>) Trump tambi\u00e9n se celebro el Hanukkah en la Casa Blanca tras realizar el anuncio. (<a href=\"https:\/\/www.bibliatodo.com\/NoticiasCristianas\/trump-celebra-la-casa-blanca-hanukkah-decision-jerusalen\/\" target=\"_blank\" rel=\"noreferrer noopener\">50<\/a>)<\/p>\n\n\n\n<p>En 2019, Donald Trump, envi\u00f3 bendiciones para el pueblo Jud\u00edo en su nombre de su esposa Melania antes de las vacaciones de Yom Kippur, el dia tradicional de la Expiaci\u00f3n. (<a href=\"https:\/\/israelnoticias.com\/judaismo\/trump-judios-yom-kipur\/\" target=\"_blank\" rel=\"noreferrer noopener\">51<\/a>)<\/p>\n\n\n\n<p>A finales de 2019, Donald Trump, firmo una orden ejecutiva invocando el  T\u00edtulo sexto de la Ley de Derechos Civiles de 1964 para combatir el discurso Antisemita en los campus universitarios. El T\u00edtulo sexto proh\u00edbe la discriminaci\u00f3n basada en la raza, color y origen nacional en los programas y actividades que reciben asistencia financiera federal. <\/p>\n\n\n\n<p>The Department of Education could cut federal funding for institutions that do not remedy anti-Semitic incidents that fall under the title.&nbsp;(<a href=\"https:\/\/www.presidency.ucsb.edu\/documents\/executive-order-13899-combating-anti-semitism\" target=\"_blank\" rel=\"noopener\" title=\"\">52<\/a>)<\/p>\n\n\n\n<p>En enero de 2020 Trump emiti\u00f3 un mensaje, en el D\u00eda Internacional en Memoria del Holocausto. El mensaje dec\u00eda:<\/p>\n\n\n\n<blockquote class=\"wp-block-quote is-layout-flow wp-block-quote-is-layout-flow\">\n<p class=\"has-base-font-size\">&nbsp;&#034;<em>En el D\u00eda Internacional de Recordaci\u00f3n del Holocausto, nos recuerda a los millones de preciosas almas que perecieron como resultado de los horrendos cr\u00edmenes perpetrados por el r\u00e9gimen Nazi. Tambi\u00e9n reafirmamos nuestro firme compromiso para enfrentar el vil veneno de Antisemitismo donde y cuando surja.<\/em>&nbsp;&#034;(<a href=\"https:\/\/www.presidency.ucsb.edu\/documents\/message-international-holocaust-remembrance-day-2020\" target=\"_blank\" rel=\"noopener\" title=\"\">53<\/a>)<\/p>\n<\/blockquote>\n\n\n\n<h3 class=\"wp-block-heading\" id=\"aioseo-peace-treaty-and-nobel-prize-nomination\">Tratado de paz y Nominaci\u00f3n al Premio Nobel.<\/h3>\n\n\n\n<p>El 13 de agosto de 2020, Donald Trump anunci\u00f3 un hist\u00f3rico tratado de paz entre Israel y los Emiratos \u00c1rabes Unidos. (<a href=\"https:\/\/nypost.com\/2020\/08\/13\/trump-announces-peace-deal-between-israel-united-arab-emirates\/\" target=\"_blank\" rel=\"noreferrer noopener\">54<\/a>). Este acuerdo fue firmado el 15 de septiembre de 2020.<\/p>\n\n\n\n<figure class=\"wp-block-embed is-type-rich is-provider-twitter wp-block-embed-twitter\"><div class=\"wp-block-embed__wrapper\">\n<blockquote class=\"twitter-tweet\" data-width=\"550\" data-dnt=\"true\"><p lang=\"en\" dir=\"ltr\">Declaraci\u00f3n conjunta de los Estados unidos, el Estado de Israel, y los Emiratos \u00c1rabes Unidos <a href=\"https:\/\/t.co\/oVyjLxf0jd\">pic.twitter.com\/oVyjLxf0jd<\/a><\/p>\u2014 Donald J. Trump (@realDonaldTrump) <a href=\"https:\/\/twitter.com\/realDonaldTrump\/status\/1293922803419353088?ref_src=twsrc%5Etfw\">13 de agosto de 2020<\/a><\/blockquote><script async src=\"https:\/\/platform.twitter.com\/widgets.js\" charset=\"utf-8\"><\/script>\n<\/div><\/figure>\n\n\n\n<p>Este acuerdo le vali\u00f3 una nominaci\u00f3n para el Premio Nobel de la Paz. Posteriormente recibi\u00f3 una segunda nominaci\u00f3n para la normalizaci\u00f3n de las relaciones econ\u00f3micas entre Serbia y Kosovo. El presidente Trump recibi\u00f3 una tercera nominaci\u00f3n por parte de un grupo de maestros Australianos. (<a href=\"https:\/\/www.foxnews.com\/politics\/trump-third-nobel-nomination-doctrine\" target=\"_blank\" rel=\"noreferrer noopener\">55<\/a>)<\/p>\n\n\n\n<p>Algo que es un hecho es que Donald Trump no inicio ninguna la guerra como las administraciones anteriores o cuando Obama, quien gan\u00f3 el Premio Nobel de la Paz, invadido de 7 pa\u00edses. (<a href=\"https:\/\/actualidad.rt.com\/actualidad\/view\/141269-obama-nobel-paz-bombardear-paises\" target=\"_blank\" rel=\"noreferrer noopener\">56<\/a>)&nbsp;<\/p>\n\n\n\n<h3 class=\"wp-block-heading\" id=\"aioseo-north-korea\">Corea Del Norte<\/h3>\n\n\n\n<p>En abril de 2018, el Presidente Donald Trump hizo p\u00fablico que Corea del Norte hab\u00eda acordado suspender todas las pruebas de sus armas nucleares y cerr\u00f3 su sitio de pruebas. Mike Pompeo hizo un viaje a Corea del Norte para reunirse con Kim Jong-un en persona. (<a href=\"https:\/\/dailycaller.com\/2018\/04\/20\/trump-north-korea-nuclear-weapons-site-closing\/\" target=\"_blank\" rel=\"noopener\" title=\"\">57<\/a>)<\/p>\n\n\n\n<figure class=\"wp-block-embed is-type-rich is-provider-twitter wp-block-embed-twitter\"><div class=\"wp-block-embed__wrapper\">\n<blockquote class=\"twitter-tweet\" data-width=\"550\" data-dnt=\"true\"><p lang=\"en\" dir=\"ltr\">Corea del norte ha acordado suspender todos los Ensayos Nucleares y cerca de un sitio de prueba. Esta es una muy buena noticia para Corea del Norte y el Mundo \u2013 un gran progreso! Esperamos que nuestra Cumbre.<\/p>\u2014 Donald J. Trump (@realDonaldTrump) <a href=\"https:\/\/twitter.com\/realDonaldTrump\/status\/987463564305797126?ref_src=twsrc%5Etfw\">20 de abril de 2018<\/a><\/blockquote><script async src=\"https:\/\/platform.twitter.com\/widgets.js\" charset=\"utf-8\"><\/script>\n<\/div><\/figure>\n\n\n\n<p>En Marzo de 2019, el gobierno del Presidente Donald Trump le exigi\u00f3 al dictador Kim Jong-un, destruir sus armas nucleares, qu\u00edmicas y armas biol\u00f3gicas antes de recibir alguna sanci\u00f3n. (<a href=\"https:\/\/www.breitbart.com\/national-security\/2019\/03\/08\/u-s-demands-north-korea-give-up-all-nuclear-weapons-before-sanctions-relief\/\" target=\"_blank\" rel=\"noreferrer noopener\">58<\/a>)<\/p>\n\n\n\n<p>En junio de 2019, el Presidente Donald Trump se reuni\u00f3 con el dictador de corea del Norte Jong-un para saludarlo. \u00c9l hizo historia por ser el primer presidente que puso el pie en Corea del Norte a pesar de d\u00e9cadas de conflicto entre las 2 naciones. <\/p>\n\n\n\n<p>La reuni\u00f3n tuvo lugar en la zona desmilitarizada entre Corea del Norte y Corea del Sur. Kim mencion\u00f3 que \"La Excelente Relaci\u00f3n con Donald Trump hizo esto posible. (<a href=\"https:\/\/www.breitbart.com\/politics\/2019\/06\/30\/at-the-dmz-donald-trump-steps-into-north-korea-to-greet-kim-jong-un\/\" target=\"_blank\" rel=\"noopener\" title=\"\">59<\/a>)<\/p>\n\n\n\n<figure class=\"wp-block-embed is-type-rich is-provider-twitter wp-block-embed-twitter\"><div class=\"wp-block-embed__wrapper\">\n<blockquote class=\"twitter-tweet\" data-width=\"550\" data-dnt=\"true\"><p lang=\"en\" dir=\"ltr\">El triunfo s\u00f3lo se convirti\u00f3 en la primera sesi\u00f3n, el presidente de estados UNIDOS a paso en Corea del Norte como conoci\u00f3 a Kim Jong un en la DMZ <a href=\"https:\/\/t.co\/ve3UGyj0sN\">pic.twitter.com\/ve3UGyj0sN<\/a><\/p>\u2014 Bloomberg Originales (@bbgoriginals) <a href=\"https:\/\/twitter.com\/bbgoriginals\/status\/1145224709627244544?ref_src=twsrc%5Etfw\">30 de junio de 2019<\/a><\/blockquote><script async src=\"https:\/\/platform.twitter.com\/widgets.js\" charset=\"utf-8\"><\/script>\n<\/div><\/figure>\n\n\n\n<h3 class=\"wp-block-heading\" id=\"aioseo-nafta\"><strong>El TLCAN<\/strong><\/h3>\n\n\n\n<p>Trump asumi\u00f3 que el TLCAN devasto a los trabajadores Estadounidenses, ya que casi 5 millones de puestos de trabajo han sido recortados de la econom\u00eda desde el tratado fue promulgado. (<a href=\"https:\/\/www.google.com\/url?client=internal-element-cse&amp;cx=partner-pub-9229289037503472:6795176714&amp;q=https:\/\/www.breitbart.com\/politics\/2019\/02\/05\/fact-check-trump-is-right-nafta-a-catastrophe-for-american-workers\/&amp;sa=U&amp;ved=2ahUKEwic0aOmroLoAhUDLKwKHfLECE0QFjACegQIABAC&amp;usg=AOvVaw1UNuTwAzjWdsf3ujiCruXY\" target=\"_blank\" rel=\"noreferrer noopener\">60<\/a>En enero de 2020, el Presidente de Trump, finalmente, firm\u00f3 el nuevo tratado M\u00e9xico-Estados unidos-Canad\u00e1.<\/p>\n\n\n\n<figure class=\"wp-block-embed is-type-rich is-provider-twitter wp-block-embed-twitter\"><div class=\"wp-block-embed__wrapper\">\n<blockquote class=\"twitter-tweet\" data-width=\"550\" data-dnt=\"true\"><p lang=\"en\" dir=\"ltr\">S\u00d3LO EN: Presidente Trump signos de los estados UNIDOS-M\u00e9xico-Canad\u00e1 acuerdo de comercio.<br><br>El USMCA representa un raro logro bipartidista. La c\u00e1mara de representantes la aprob\u00f3 por una abrumadora 385-41 votaci\u00f3n en diciembre y el Senado sigui\u00f3 con un 89 a 10 votaci\u00f3n a principios de este mes <a href=\"https:\/\/t.co\/qaxiGReWrP\">https:\/\/t.co\/qaxiGReWrP<\/a> <a href=\"https:\/\/t.co\/li1ySD1H6d\">pic.twitter.com\/li1ySD1H6d<\/a><\/p>\u2014 Esta Semana (@ThisWeekABC) <a href=\"https:\/\/twitter.com\/ThisWeekABC\/status\/1222563582291869696?ref_src=twsrc%5Etfw\">29 de enero de 2020<\/a><\/blockquote><script async src=\"https:\/\/platform.twitter.com\/widgets.js\" charset=\"utf-8\"><\/script>\n<\/div><\/figure>\n\n\n\n<p>El USMCA tiene varias medidas destinadas a proteger a los trabajadores Estadounidenses y estimular el crecimiento econ\u00f3mico, incluyendo el aumento de la fabricaci\u00f3n de autom\u00f3viles en los Estados unidos, el equilibrio de diario de las importaciones y las exportaciones con Canad\u00e1, y el otorgamiento de protecci\u00f3n para los trabajadores Mexicanos que les va a permitir ganar un mejor salario.&nbsp;<\/p>\n\n\n\n<p>La c\u00e1mara de Representantes aprob\u00f3 por abrumadora mayor\u00eda el tratado en diciembre con un voto de 385-41. El Senado aprob\u00f3 con una votaci\u00f3n de 89 a 10 a principios de enero.<\/p>\n\n\n\n<p> The bipartisan support was a huge triumph for the Trump administration amid the Democrat lead impeachment. Many Democrats who supported the impeachment also congratulated him for negotiating the new standards.&nbsp;(<a href=\"https:\/\/dailycaller.com\/2020\/01\/29\/trump-signs-usmca-mexico-canada-trade-deal\/\" target=\"_blank\" rel=\"noreferrer noopener\">61<\/a>)<\/p>\n\n\n\n<p>En conclusi\u00f3n, el  USMCA, acuerdo comercial firmado por el Presidente de Estados Unidos, Donald Trump, vincula a los Estados Unidos, M\u00e9xico y Canad\u00e1, fue hecho para ofrecer cientos de miles de puestos de trabajo y dinamizar la econom\u00eda de los tres pa\u00edses. (<a href=\"https:\/\/trumpwhitehouse.archives.gov\/briefings-statements\/president-donald-j-trumps-united-states-mexico-canada-agreement-delivers-historic-win-american-workers\/\" target=\"_blank\" rel=\"noopener\" title=\"\">62<\/a>)<\/p>\n\n\n\n<h3 class=\"wp-block-heading\" id=\"aioseo-venezuela\"><strong>Venezuela<\/strong><\/h3>\n\n\n\n<p>El 26 de Marzo de 2020, El Departamento de Justicia anuncio los cargos criminales en contra de Venezuela, Nicol\u00e1s Maduro y miembros de su gabinete para el narco-terrorismo. El regimen de Maduro,  coordin\u00f3 el movimiento de las drogas desde Venezuela con los c\u00e1rteles y trabaj\u00f3 con la organizaci\u00f3n terrorista extranjera llamada  Fuerzas Armadas Revolucionarias de Colombia (FARC).&nbsp;&nbsp;<\/p>\n\n\n\n<p>El Departamento de Estado de EE.UU. anunci\u00f3 una recompensa de 15 millones de d\u00f3lares por informaci\u00f3n que conduzca a la detenci\u00f3n, de Maduro y una de $10 millones de recompensa por el Presidente de la Asamblea Nacional Diosdado Cabello Rond\u00f3n, ex jefe de inteligencia militar, el General Hugo Carvajal Barrios, el General Cl\u00edver Alcal\u00e1 Cordones, y el ministro de industria, Tareck Zaidan El Aissami Maddah. (<a href=\"https:\/\/www.breitbart.com\/border\/2020\/03\/26\/u-s-labels-venezuelas-maduro-and-regime-as-narco-terrorists\/\">63<\/a>)<\/p>\n\n\n\n<h2 class=\"wp-block-heading\" id=\"aioseo-9-health\">7. El presidente Trump lucho contra la trata de seres Humanos<\/h2>\n\n\n\n<p>El presidente Trump proclamo enero como el Mes Nacional de la Prevenci\u00f3n de la Trata de seres Humanos y la Esclavitud. (<a href=\"https:\/\/www.essex-tv.co.uk\/president-donald-j-trump-proclaims-january-2020-as-national-slavery-and-human-trafficking-prevention-month\/\" target=\"_blank\" rel=\"noreferrer noopener\">64<\/a>)<\/p>\n\n\n\n<blockquote class=\"wp-block-quote is-layout-flow wp-block-quote-is-layout-flow\">\n<p class=\"has-base-font-size\"><em>\"La trata de personas erosiona la dignidad personal y destruye el tejido moral de la sociedad. Es una afrenta a la humanidad que llega tr\u00e1gicamente a todas las partes del mundo, incluidas las comunidades de nuestra naci\u00f3n. Cada d\u00eda, en ciudades, suburbios, zonas rurales y tierras tribales personas de todas las edades, g\u00e9neros, razas, religiones y nacionalidades est\u00e1n devastadas por este grave delito. Durante el Mes Nacional de Prevenci\u00f3n de la Esclavitud y la Trata de Personas, reafirmamos nuestro compromiso inquebrantable de erradicar esta terrible injusticia. Mi Administraci\u00f3n se compromete a utilizar todos los recursos disponibles, fortaleciendo alianzas estrat\u00e9gicas, colaborando con entidades estatales, locales y tribales, e introduciendo estrategias innovadoras contra la trata de personas para que toda la fuerza del gobierno de los Estados Unidos ayude a poner fin a esta pr\u00e1ctica b\u00e1rbara de una vez por todas. En enero de 2019, \u00a0firme con orgullo tanto la Ley de Reautorizaci\u00f3n de Protecci\u00f3n y Prevenci\u00f3n de V\u00edctimas de Trata de Frederick Douglass como la Ley de reautorizaci\u00f3n de protecci\u00f3n de v\u00edctimas de trata. \". (<a href=\"https:\/\/trumpwhitehouse.archives.gov\/presidential-actions\/proclamation-national-slavery-human-trafficking-prevention-month-2020\/\" target=\"_blank\" rel=\"noopener\" title=\"\">65<\/a>)<\/em><\/p>\n<\/blockquote>\n\n\n\n<p>El presidente Trump firmo la Reautorizaci\u00f3n Frederick Douglass para la  Prevenci\u00f3n y  Protecci\u00f3n de V\u00edctimas  de Trata de personas, que autoriza $430 millones de d\u00f3lares para combatir el tr\u00e1fico sexual  y de trabajos forzados.(<a href=\"https:\/\/www.ncronline.org\/news\/trump-signs-law-pump-430-million-anti-human-trafficking-efforts\" target=\"_blank\" rel=\"noopener\" title=\"\">66<\/a>) <strong>En Agosto De 2020 <\/strong>\u00e9l autorizo m\u00e1s de $35 millones en el Departamento de Justicia de subvenciones a organizaciones que proveen seguro de vivienda para las v\u00edctimas de la trata de seres humanos. (<a href=\"https:\/\/apnews.com\/article\/ivanka-trump-politics-william-barr-human-trafficking-virus-outbreak-89347d1b618ab522ec6d13aa114f4e92\" target=\"_blank\" rel=\"noreferrer noopener\">67<\/a>)<\/p>\n\n\n\n<p><strong>El 21 de septiembre de 2020<\/strong>, El procurador General Bill Barr dijo que el gobierno federal otorgo m\u00e1s de $100 millones de d\u00f3lares en subvenciones destinados a la trata de seres humanos. (<a href=\"https:\/\/apnews.com\/article\/georgia-human-trafficking-ivanka-trump-atlanta-archive-09813985372099811220bbd1d82949ef\" target=\"_blank\" rel=\"noreferrer noopener\">68<\/a>)<\/p>\n\n\n\n<p>Fue durante la administraci\u00f3n del Presidente Donald Trump, que varias personas que representaban una amenaza real para la sociedad, tales como Harvey Weinstein, Jeffrey Epstein, y Ghislaine Maxwell fueron puestos en la c\u00e1rcel. <\/p>\n\n\n\n<p>Dudo que hubieran sido detenidos durante las administraciones de Clinton u Obama, ya que sospecho que son parte de la misma mafia, o al menos se protegen los unos a los otros.<\/p>\n\n\n\n<h2 class=\"wp-block-heading\" id=\"aioseo-he-is-a-pro-family-president\">8. El es un presidente Pro-Familia<\/h2>\n\n\n\n<p>Estados unidos es el \u00fanico Pa\u00eds en el mundo desarrollado que no requiere el pago de licencia de maternidad. El empleado debe negociar este beneficio con sus empleadores. El tiempo de la licencia se establece en la ley, pero no el pago durante ese tiempo.<\/p>\n\n\n\n<p><strong>En Mayo De 2017<\/strong>en el marco de \"La Semana de la Salud de la Mujer\",  el Presidente Donald Trump anunci\u00f3 que apoya a las familias trabajadoras para que tuvieran licencia pagada y mejoras en los servicios de salud para las mujeres. \u00c9l dio el apoyo para que ambos padres y madres pudieran tomar la licencia familiar con goce de sueldo.(<a href=\"https:\/\/www.politico.com\/story\/2017\/05\/14\/trump-women-health-family-leave-238378\" target=\"_blank\" rel=\"noopener\" title=\"\">69<\/a>)<\/p>\n\n\n\n<figure class=\"wp-block-embed is-type-rich is-provider-twitter wp-block-embed-twitter\"><div class=\"wp-block-embed__wrapper\">\n<blockquote class=\"twitter-tweet\" data-width=\"550\" data-dnt=\"true\"><p lang=\"en\" dir=\"ltr\">.<a href=\"https:\/\/twitter.com\/POTUS?ref_src=twsrc%5Etfw\">@POTUS<\/a> celebra a las Mujeres de la Semana de la Salud y la importancia de proporcionar asequibles, accesibles y de calidad de la asistencia sanitaria en el 2018 Presupuesto. <a href=\"https:\/\/t.co\/Oaal9wiNTD\">pic.twitter.com\/Oaal9wiNTD<\/a><\/p>\u2014 Kayleigh McEnany 45 Archivados (@PressSec45) <a href=\"https:\/\/twitter.com\/PressSec45\/status\/864102594226081792?ref_src=twsrc%5Etfw\">El 15 de mayo de 2017<\/a><\/blockquote><script async src=\"https:\/\/platform.twitter.com\/widgets.js\" charset=\"utf-8\"><\/script>\n<\/div><\/figure>\n\n\n\n<p>El Presidente Trump <strong>proclam\u00f3 la semana del 24 al 30 de noviembre de 2019<\/strong>, como la Semana Nacional de la Familia, despu\u00e9s de d\u00e9cadas de tradici\u00f3n de reconocer la importancia de la familia durante la semana de acci\u00f3n de gracias.<\/p>\n\n\n\n<p>\u00c9l ha identificado a la familia como la \"roca de nuestro pa\u00eds\" y dio muchos pasos en su administraci\u00f3n, para ayudar y fortalecer a las familias. Todo esto incluyo la duplicaci\u00f3n de cr\u00e9ditos fiscales, licencia familiar, y trabajo para eliminar la era de las regulaciones anti-conciencia de la administraci\u00f3n de Obama en las agencias de adopci\u00f3n. \u00c9l tambi\u00e9n firmo la ley la Familia primero (<a href=\"https:\/\/americanprinciplesproject.org\/media\/app-praises-president-trump-pro-family-agenda-national-family-week\/\" target=\"_blank\" rel=\"noopener\" title=\"\">70<\/a>)<\/p>\n\n\n\n<p><strong>El 20 De Diciembre De 2019<\/strong>El presidente de Donald Trump, firm\u00f3 finalmente la licencia familiar para los trabajadores federales (<a href=\"https:\/\/www.cnn.com\/2019\/12\/17\/politics\/ivanka-trump-federal-paid-family-leave\/index.html\" target=\"_blank\" rel=\"noopener\" title=\"\">71<\/a>)<\/p>\n\n\n\n<p>En el Estado de la Uni\u00f3n, el Presidente Trump dijo:<\/p>\n\n\n\n<blockquote class=\"wp-block-quote is-layout-flow wp-block-quote-is-layout-flow\">\n<p class=\"has-base-font-size\"><em>\u201cNosotros apoyamos a las madres y padres y recientemente firme orgullosamente la ley que provee a los nuevos padres de la fuerza de trabajo Federal, sirviendo como modelo en el resto del pa\u00eds. Ahora llamo al Congreso para pasar el Acta bipartita de Soporte Avanzado para las Familias Trabajadoras, extendiendo la licencia familiar a madres y padres por toda la Naci\u00f3n. \u00a0 40 millones de familias americanas tienen un promedio de $2200 d\u00f3lares extra gracias al cr\u00e9dito de impuestos infantil.\u00a0Tambi\u00e9n increment\u00e9 los fondos para guarderias de alta calidad, ayudando a que 17 Estados sirvan a m\u00e1s ni\u00f1os, muchos de los cuales han ayudado a reducir o eliminar sus listas de espera. He enviado al Congreso un plan con una vision para expandir el acceso a guarders de alta calidad, por lo que les pido que act\u00faen inmediatamente.\" (<\/em><a href=\"https:\/\/www.dailywire.com\/news\/white-house-officially-responds-to-pelosi-ripping-up-trumps-speech?utm_content=non_insiders&amp;utm_campaign=dw_newsletter&amp;utm_medium=email&amp;utm_source=housefile&amp;_hsenc=p2ANqtz-\" target=\"_blank\" rel=\"noopener\" title=\"\">72<\/a>)<\/p>\n<\/blockquote>\n\n\n\n<h2 class=\"wp-block-heading\" id=\"aioseo-4-president-trump-supports-religious-freedom\">9. El presidente de Trump apoyo la libertad religiosa.<\/h2>\n\n\n\n<p>Obama persigui\u00f3 a Las hermanitas Pobres de la caridad, y \u00e9l quer\u00eda obligar a las iglesias y las escuelas para aceptar la ideolog\u00eda de g\u00e9nero. Tanto Obama como Clinton quisieron obligar a los Cristianos a pagar por la industria del aborto. <\/p>\n\n\n\n<p>Esa fue la raz\u00f3n por la que los Cristianos en general votaron por Trump. (<a href=\"https:\/\/www.washingtonpost.com\/opinions\/why-conservative-christians-stick-with-trump\/2018\/03\/23\/2766309a-2def-11e8-8688-e053ba58f1e4_story.html\" target=\"_blank\" rel=\"noopener\" title=\"\">73<\/a>) Ning\u00fan otro presidente hab\u00eda defendido la Fe, como la del Presidente Trump.<\/p>\n\n\n\n<p><strong>En Enero De 2018<\/strong>el Departamento de Salud y Servicios Humanos, en la Divisi\u00f3n de Derechos Civiles, anunci\u00f3 la formaci\u00f3n de una nueva Divisi\u00f3n de la Libertad Religiosa y de Conciencia. Esto es para defender los derechos inalienables y fundamentales de la Libertad Religiosa y de Conciencia. (<a href=\"https:\/\/public3.pagefreezer.com\/browse\/HHS.gov\/31-12-2020T08:51\/https:\/\/www.hhs.gov\/about\/news\/2018\/01\/18\/hhs-ocr-announces-new-conscience-and-religious-freedom-division.html\" target=\"_blank\" rel=\"noopener\" title=\"\">74<\/a> ).<\/p>\n\n\n\n<p>Esta agencia fue creada para proteger a los M\u00e9dicos, enfermeras y otros trabajadores de la salud que se niegan a tomar parte en los procedimientos, tales como el aborto, debido a la moral y objeciones religiosas. (<a href=\"https:\/\/www.npr.org\/sections\/health-shots\/2018\/01\/18\/578811426\/trump-will-protect-health-workers-who-reject-patients-on-religious-grounds\" target=\"_blank\" rel=\"noopener\" title=\"\">75<\/a>)<\/p>\n\n\n\n<p><strong>En Octubre De 2019<\/strong> El presidente de Trump se reuni\u00f3 y oro en la Casa Blanca con alrededor de 50 l\u00edderes religiosos, entre ellos pastores Cristianos conservadores y Evangelistas. Los l\u00edderes discutieron los logros de esta Administraci\u00f3n para los Estadounidenses y c\u00f3mo las comunidades a las que representan se beneficiaron de estas pol\u00edticas importantes. (<a href=\"https:\/\/www.christianpost.com\/news\/faith-leaders-pray-with-trump-at-white-house-highlight-presidents-accomplishments.html\" target=\"_blank\" rel=\"noopener\" title=\"\">76<\/a>)<\/p>\n\n\n\n<p>El 16 de enero de 2020, el D\u00eda Nacional de la Libertad Religiosa, rodeado de estudiantes que han sufrido discriminaci\u00f3n religios, el presidente Trump present\u00f3 una versi\u00f3n actualizada de la gu\u00eda que establece el \"Derecho a Orar.\"<\/p>\n\n\n\n<blockquote class=\"wp-block-quote is-layout-flow wp-block-quote-is-layout-flow\">\n<p class=\"has-base-font-size\">&#034;<em>Hay un creciente impulso totalitario de la izquierda que busca castigar, restringir e incluso prohibir la expresi\u00f3n religiosa. No s\u00f3lo estamos defendiendo nuestros derechos constitucionales, tambi\u00e9n estamos defendiendo la religi\u00f3n en s\u00ed, que est\u00e1 bajo ataque, &#034;Trump dijo.<\/em> (<a href=\"https:\/\/www.voanews.com\/a\/usa_us-politics_trump-reinforces-right-pray-public-schools\/6182754.html\" target=\"_blank\" rel=\"noopener\" title=\"\">77<\/a>)<\/p>\n<\/blockquote>\n\n\n\n<p>Durante las vacaciones, Trump le deseo al Pa\u00eds \"Feliz Navidad\" en lugar de \"Felices Fiestas\", Recuperando el origen Cristiano de la Navidad. (<a href=\"https:\/\/www.newsweek.com\/donald-trump-wishes-everyone-merry-christmas-november-1235705\" target=\"_blank\" rel=\"noopener\" title=\"\">78<\/a>) <strong>El 26 De Febrero De 2020<\/strong>, \u00e9l les deseo a los Cristianos un feliz mi\u00e9rcoles de Ceniza. (<a href=\"https:\/\/www.lifesitenews.com\/news\/trump-wishes-christians-a-prayerful-ash-wednesday\/\" target=\"_blank\" rel=\"noopener\" title=\"\">79<\/a>)<\/p>\n\n\n\n<p><strong>El 13 De Marzo De 2020<\/strong>\u00e9l declar\u00f3: <\/p>\n\n\n\n<figure class=\"wp-block-embed is-type-rich is-provider-twitter wp-block-embed-twitter\"><div class=\"wp-block-embed__wrapper\">\n<blockquote class=\"twitter-tweet\" data-width=\"550\" data-dnt=\"true\"><p lang=\"en\" dir=\"ltr\">Es para m\u00ed un gran honor para declarar el domingo, 15 de Marzo como el D\u00eda Nacional de la Oraci\u00f3n. Somos un Pa\u00eds que, a lo largo de nuestra historia, ha buscado a Dios por la protecci\u00f3n y la fuerza en momentos como estos....<\/p>\u2014 Donald J. Trump (@realDonaldTrump) <a href=\"https:\/\/twitter.com\/realDonaldTrump\/status\/1238599369466753026?ref_src=twsrc%5Etfw\">13 de marzo de 2020<\/a><\/blockquote><script async src=\"https:\/\/platform.twitter.com\/widgets.js\" charset=\"utf-8\"><\/script>\n<\/div><\/figure>\n\n\n\n<p><strong>El 10 De Abril De 2020<\/strong>tom\u00f3 parte en una bendici\u00f3n en la Casa Blanca con motivo de la Pascua durante la pandemia del coronavirus.<\/p>\n\n\n\n<figure class=\"wp-block-embed is-type-video is-provider-youtube wp-block-embed-youtube wp-embed-aspect-16-9 wp-has-aspect-ratio\"><div class=\"wp-block-embed__wrapper\">\n<iframe loading=\"lazy\" title=\"Deja que el \u00c1ngel de la Muerte Pase&#039; \u2014 Donald Trump Anfitriones de la Casa Blanca de Pascua Bendici\u00f3n\" width=\"1170\" height=\"658\" src=\"https:\/\/www.youtube.com\/embed\/1nd9kejnwx4?feature=oembed\" frameborder=\"0\" allow=\"accelerometer; autoplay; clipboard-write; encrypted-media; gyroscope; picture-in-picture; web-share\" referrerpolicy=\"strict-origin-when-cross-origin\" allowfullscreen><\/iframe>\n<\/div><\/figure>\n\n\n\n<p>Durante la cuarentena del coronavirus, el 22 de Mayo de 2020, varios gobernadores se negaron a abrir las iglesias, a pesar de que otras empresas puieron abrir. Donald Trump tom\u00f3 cartas en el asunto y orden\u00f3 que las iglesias fueran abiertas, ya que son esenciales.<\/p>\n\n\n\n<figure class=\"wp-block-embed is-type-video is-provider-youtube wp-block-embed-youtube wp-embed-aspect-16-9 wp-has-aspect-ratio\"><div class=\"wp-block-embed__wrapper\">\n<iframe loading=\"lazy\" title=\"El presidente Trump llamado a los gobernadores para permitir que nuestras iglesias y lugares de culto para abrir\" width=\"1170\" height=\"658\" src=\"https:\/\/www.youtube.com\/embed\/OC1xwSjWBxw?feature=oembed\" frameborder=\"0\" allow=\"accelerometer; autoplay; clipboard-write; encrypted-media; gyroscope; picture-in-picture; web-share\" referrerpolicy=\"strict-origin-when-cross-origin\" allowfullscreen><\/iframe>\n<\/div><\/figure>\n\n\n\n<p>Todo esto le ha valido el apoyo de los l\u00edderes religiosos, tales como Cissie Graham, la nieta de Billy Graham. O la famosa carta del Arzobispo V\u00edgano que \u00e9l envi\u00f3 a Donald Trump, acerca de la forma en que ambos est\u00e1n en la misma batalla. Uno contra el estado profundo, el otro en contra la iglesia profunda. (<a href=\"https:\/\/www.lifesitenews.com\/opinion\/archbishop-viganos-powerful-letter-to-president-trump-eternal-struggle-between-good-and-evil-playing-out-right-now\/\" target=\"_blank\" rel=\"noopener\" title=\"\">80<\/a>)<\/p>\n\n\n\n<figure class=\"wp-block-embed is-type-rich is-provider-twitter wp-block-embed-twitter\"><div class=\"wp-block-embed__wrapper\">\n<blockquote class=\"twitter-tweet\" data-width=\"550\" data-dnt=\"true\"><p lang=\"en\" dir=\"ltr\">Tan honrados por Monse\u00f1or Vigan\u00f2 incre\u00edble carta para m\u00ed. Espero que todos, religiosos o no, lee! <a href=\"https:\/\/t.co\/fVhkCz89g5\">https:\/\/t.co\/fVhkCz89g5<\/a><\/p>\u2014 Donald J. Trump (@realDonaldTrump) <a href=\"https:\/\/twitter.com\/realDonaldTrump\/status\/1270842639903006720?ref_src=twsrc%5Etfw\">10 de junio de 2020<\/a><\/blockquote><script async src=\"https:\/\/platform.twitter.com\/widgets.js\" charset=\"utf-8\"><\/script>\n<\/div><\/figure>\n\n\n\n<h2 class=\"wp-block-heading\" id=\"aioseo-1-the-economy-has-been-the-best-in-the-united-states-in-the-last-50-years-before-the-pandemic-during-the-donald-trump-administration-it-had-the-best-job-market-since-1969-with-the-lowest-unemployment-rate-we-are-talking-about-more-jobs-around-136000-in-general-and-also-for-all-ethnic-groups-as-well-as-a-higher-minimum-wage-the-unemployment-rate-fell-from-3-7-to-3-5-in-a-generalized-way-and-for-hispanics-it-fell-to-3-9-which-is-the-lowest-rate-they-have-had-for-black-americans-unemployment-dropped-to-5-4-the-lowest-rate-since-1973-not-only-that-but-also-for-women-unemployment-has-dropped-to-3-1-the-economy-has-had-an-economic-growth-of-3-on-a-consistent-basis-the-price-of-gasoline-and-fuels-remain-constant-decreased-taxes-on-corporations-from-35-to-21-allowing-a-repatriation-of-cash-from-abroad-12345-critics-said-that-this-tax-cut-only-benefits-large-companies-but-it-is-not-true-small-businesses-benefited-as-well-giving-them-a-deduction-of-20-in-addition-to-the-other-deductions-in-the-program-known-as-the-qualified-business-income-deduction-on-the-other-hand-those-businesses-that-have-an-annual-profit-of-less-than-25-million-dollars-in-the-last-3-years-can-deduct-the-interest-on-their-loans-without-limit-6\">10. El presidente Trump lucho por <strong>La libertad de Expresi\u00f3n.<\/strong><\/h2>\n\n\n\n<p>Muchas personas se han quejado en los \u00faltimos a\u00f1os acerca de la censura que se produce en las redes sociales. Ellos siguen una agenda, y si alguien va en contra de esa agenda, son censurardos de acuerdo a las dudosas \"reglas de la comunidad\", sin derecho a r\u00e9plica. Esto le ha sucedido a muchos de nosotros, incluyendo a Donald Trump. <\/p>\n\n\n\n<p>Es por eso que el Presidente Donald Trump firm\u00f3 una orden ejecutiva en Mayo de 2020 para prevenir que las redes sociales suprimieran de la libertad de expresi\u00f3n censurando a las voces que son inc\u00f3modas para ellos. (<a href=\"https:\/\/www.dailywire.com\/news\/trump-signs-executive-order-taking-action-on-social-media-bias-we-cant-let-this-continue-to-happen\" target=\"_blank\" rel=\"noreferrer noopener\">81<\/a>) La libertad de expresi\u00f3n es un derecho fundamental de todos los seres humanos, y no es justo que dicho derecho sea violado por las redes sociales, o por cualquier persona.<\/p>\n\n\n\n<figure class=\"wp-block-embed is-type-rich is-provider-twitter wp-block-embed-twitter\"><div class=\"wp-block-embed__wrapper\">\n<blockquote class=\"twitter-tweet\" data-width=\"550\" data-dnt=\"true\"><p lang=\"en\" dir=\"ltr\">Trump firma la Orden Ejecutiva de la Toma de Acciones En Medios Sociales Sesgo: &#039;no Podemos Dejar que Esto Contin\u00fae ocurriendo&#039; <a href=\"https:\/\/t.co\/eoIT9797YH\">https:\/\/t.co\/eoIT9797YH<\/a> <a href=\"https:\/\/t.co\/vqggKmRw5Q\">pic.twitter.com\/vqggKmRw5Q<\/a><\/p>\u2014 Diario de Alambre (@realDailyWire) <a href=\"https:\/\/twitter.com\/realDailyWire\/status\/1266182995444039680?ref_src=twsrc%5Etfw\">El 29 de mayo de 2020<\/a><\/blockquote><script async src=\"https:\/\/platform.twitter.com\/widgets.js\" charset=\"utf-8\"><\/script>\n<\/div><\/figure>\n\n\n\n<p>Ir\u00f3nicamente, mientras que todav\u00eda era el presidente de los Estados unidos, Trump fue censurado de todos las redes sociales. Estos ultimos tienen demasiado poder, y habr\u00e1 que hacer algo acerca de esta censura. De lo contrario, estamos en la novela de George Orwell, 1984.<\/p>\n\n\n\n<h2 class=\"wp-block-heading\" id=\"aioseo-fight-against-terrorism\">11. <strong>Condeno grupos radicales y terroristas.<\/strong><\/h2>\n\n\n\n<p>En el primer debate presidencial de las elecciones de  2020, los medios de comunicaci\u00f3n se volvieron locos porque seg\u00fan ellos el presidente no denunciaba a los supremacistas blancos. <\/p>\n\n\n\n<p>Donald Trump los ha denunciado en muchas ocasiones, pero a los medios de comunicaci\u00f3n no les importo, sino que continuaron con su narrativa. <\/p>\n\n\n\n<figure class=\"wp-block-embed is-type-rich is-provider-twitter wp-block-embed-twitter\"><div class=\"wp-block-embed__wrapper\">\n<blockquote class=\"twitter-tweet\" data-width=\"550\" data-dnt=\"true\"><p lang=\"en\" dir=\"ltr\">Esto es un absurdo de la caracterizaci\u00f3n. Ella lee una lista completa de verbatim Trump citas condenando a la supremac\u00eda blanca. <a href=\"https:\/\/t.co\/EX8cWBaMky\">https:\/\/t.co\/EX8cWBaMky<\/a><\/p>\u2014 Ben Shapiro (@benshapiro) <a href=\"https:\/\/twitter.com\/benshapiro\/status\/1311694173238558720?ref_src=twsrc%5Etfw\">El 1 de octubre de 2020<\/a><\/blockquote><script async src=\"https:\/\/platform.twitter.com\/widgets.js\" charset=\"utf-8\"><\/script>\n<\/div><\/figure>\n\n\n\n<p>En el siguiente v\u00eddeo se pueden ver las declaraciones de Donald Trump ha hecho en este sentido.&nbsp;<\/p>\n\n\n\n<figure class=\"wp-block-embed is-type-rich is-provider-embed-handler wp-block-embed-embed-handler wp-embed-aspect-16-9 wp-has-aspect-ratio\"><div class=\"wp-block-embed__wrapper\">\n<iframe loading=\"lazy\" title=\"Trump Condena a la Supremac\u00eda Blanca 20 Veces m\u00e1s de 20 A\u00f1os (Recopilaci\u00f3n)\" width=\"1170\" height=\"658\" src=\"https:\/\/www.youtube.com\/embed\/bZWJdQysUw0?feature=oembed\" frameborder=\"0\" allow=\"accelerometer; autoplay; clipboard-write; encrypted-media; gyroscope; picture-in-picture; web-share\" referrerpolicy=\"strict-origin-when-cross-origin\" allowfullscreen><\/iframe>\n<\/div><\/figure>\n\n\n\n<p>&nbsp;Por otro lado, tenemos a Joe Biden diciendo que Antifa es una idea. No, Antifa es una verdadera organizaci\u00f3n internacional que ha quemado ciudades, y ha causado disturbios en varias ciudades de los Estados unidos en los \u00faltimos tiempos. Todos vimos c\u00f3mo, Joe Biden, fue incapaz de condenarlos, porque \u00e9l estaba a favor de ellos. Antifa es el terrorismo en dentro de los Estado Unidos.<\/p>\n\n\n\n<figure class=\"wp-block-embed is-type-rich is-provider-twitter wp-block-embed-twitter\"><div class=\"wp-block-embed__wrapper\">\n<blockquote class=\"twitter-tweet\" data-width=\"550\" data-dnt=\"true\"><p lang=\"en\" dir=\"ltr\">Antifa no es s\u00f3lo una &#034;idea&#034;, es REAL extremistas uso de armas, Bloque Negro uniforme t\u00e1cticas, y el logotipo de d escudos para evitar la aplicaci\u00f3n de la ley de alcanzar sus &#034;camaradas&#034;, que cometen la violencia y la destrucci\u00f3n. <br><br>Esta era la \u00faltima noche: <br><br> <a href=\"https:\/\/t.co\/QRhpzH89yC\">pic.twitter.com\/QRhpzH89yC<\/a><\/p>\u2014 Lance Gooden (@Lancegooden) <a href=\"https:\/\/twitter.com\/Lancegooden\/status\/1312744916431364098?ref_src=twsrc%5Etfw\">4 de octubre de 2020<\/a><\/blockquote><script async src=\"https:\/\/platform.twitter.com\/widgets.js\" charset=\"utf-8\"><\/script>\n<\/div><\/figure>\n\n\n\n<h2 class=\"wp-block-heading\" id=\"aioseo-conclusion\">Conclusi\u00f3n:<\/h2>\n\n\n\n<p>Despite the disappointing comments President Trump has made on the abortion topic, I still think he is the best option for the 2024 election. He will save lives in other ways due to his policies, and he is still the most pro-life candidate that has a realistic chance of winning the presidency.<\/p>\n\n\n\n<p><strong>Espero que esta informaci\u00f3n es \u00fatil, y que usted tambi\u00e9n haga su investigaci\u00f3n, ya que es la mejor manera de estar informado.&nbsp;<\/strong><\/p>","protected":false},"excerpt":{"rendered":"<p>Was Donald Trump a good or bad President? Donald Trump has been widely criticized for a thousand reasons. The media has tried hard to make a lot of people dislike him. However, was he really a bad president? Let&#8217;s look at the things he did during his term. This shouldn&#8217;t be a &nbsp;popularity contest, the [&hellip;]<\/p>\n","protected":false},"author":1,"featured_media":2167,"comment_status":"closed","ping_status":"closed","sticky":false,"template":"","format":"standard","meta":{"footnotes":""},"categories":[18],"tags":[],"class_list":["post-745","post","type-post","status-publish","format-standard","has-post-thumbnail","hentry","category-unpopular-opinions"],"aioseo_notices":[],"_links":{"self":[{"href":"https:\/\/www.cherrybyele.com\/es\/wp-json\/wp\/v2\/posts\/745","targetHints":{"allow":["GET"]}}],"collection":[{"href":"https:\/\/www.cherrybyele.com\/es\/wp-json\/wp\/v2\/posts"}],"about":[{"href":"https:\/\/www.cherrybyele.com\/es\/wp-json\/wp\/v2\/types\/post"}],"author":[{"embeddable":true,"href":"https:\/\/www.cherrybyele.com\/es\/wp-json\/wp\/v2\/users\/1"}],"replies":[{"embeddable":true,"href":"https:\/\/www.cherrybyele.com\/es\/wp-json\/wp\/v2\/comments?post=745"}],"version-history":[{"count":9,"href":"https:\/\/www.cherrybyele.com\/es\/wp-json\/wp\/v2\/posts\/745\/revisions"}],"predecessor-version":[{"id":2639,"href":"https:\/\/www.cherrybyele.com\/es\/wp-json\/wp\/v2\/posts\/745\/revisions\/2639"}],"wp:featuredmedia":[{"embeddable":true,"href":"https:\/\/www.cherrybyele.com\/es\/wp-json\/wp\/v2\/media\/2167"}],"wp:attachment":[{"href":"https:\/\/www.cherrybyele.com\/es\/wp-json\/wp\/v2\/media?parent=745"}],"wp:term":[{"taxonomy":"category","embeddable":true,"href":"https:\/\/www.cherrybyele.com\/es\/wp-json\/wp\/v2\/categories?post=745"},{"taxonomy":"post_tag","embeddable":true,"href":"https:\/\/www.cherrybyele.com\/es\/wp-json\/wp\/v2\/tags?post=745"}],"curies":[{"name":"wp","href":"https:\/\/api.w.org\/{rel}","templated":true}]}}